{"id":107576,"date":"2022-04-17T23:59:09","date_gmt":"2022-04-18T02:59:09","guid":{"rendered":"http:\/\/vinasfm.com\/noticias\/?p=107576"},"modified":"2022-04-19T08:55:01","modified_gmt":"2022-04-19T11:55:01","slug":"villa-atuel-detuvieron-a-un-hombre-acusado-de-abusar-de-dos-nenas-de-8-y-10-anos","status":"publish","type":"post","link":"https:\/\/vinasfm.com\/noticias\/villa-atuel-detuvieron-a-un-hombre-acusado-de-abusar-de-dos-nenas-de-8-y-10-anos\/","title":{"rendered":"VILLA ATUEL: DETUVIERON A UN HOMBRE ACUSADO DE ABUSAR DE DOS NENAS DE 8 Y 10 A\u00d1OS"},"content":{"rendered":"<h4><strong><span style=\"color: #000000;\">Un hombre de 36 a\u00f1os fue aprehendido en Villa Atuel acusado de abusar sexualmente de dos menores de edad de 8 y 10 a\u00f1os respectivamente. <\/span><\/strong><\/h4>\n<p><span style=\"color: #000000;\">El sujeto fue hallado en cercan\u00edas del Marginal del Atuel y fue puesto a disposici\u00f3n de la justicia despu\u00e9s de que la ex pareja lo denunciara y de que personal policial de General Alvear y de San Rafael desarrollara un amplio operativo para dar con su paradero.<\/span><\/p>\n<p><span style=\"color: #000000;\">Seg\u00fan la denuncia, el hombre \u2013que tiempo atr\u00e1s manten\u00eda una relaci\u00f3n sentimental con la mujer que interpuso la misma- habr\u00eda llevado a cabo actos abusivos contra las hijas de la denunciante.<\/span><\/p>\n<p><span style=\"color: #000000;\">Por otra parte, se supo que al momento de la aprehensi\u00f3n, el sujeto presentaba heridas cortantes en sus brazos por lo que debi\u00f3 ser trasladado al hospital Enfermeros Argentinos, de General Alvear. Tras ser revisado por los m\u00e9dicos de turno y ser dado de alta, fue alojado en la Comisar\u00eda 26\u00b0 de Villa Atuel, donde qued\u00f3 alojado intertanto la fiscal\u00eda actuante determine su destino mientras curse la investigaci\u00f3n.<\/span><\/p>\n<p><span style=\"color: #000000;\">La situaci\u00f3n gener\u00f3, obviamente, honda repercusi\u00f3n en la comunidad villatuelina. De hecho, varios vecinos del distrito se manifestaron a trav\u00e9s de las redes sociales al respecto.<\/span><\/p>\n","protected":false},"excerpt":{"rendered":"<p>Un hombre de 36 a\u00f1os fue aprehendido en Villa Atuel acusado de abusar sexualmente de dos menores de edad de 8 &#8230;<\/p>\n","protected":false},"author":8,"featured_media":35128,"comment_status":"open","ping_status":"open","sticky":false,"template":"","format":"standard","meta":{"footnotes":""},"categories":[5,4],"tags":[],"class_list":["post-107576","post","type-post","status-publish","format-standard","has-post-thumbnail","hentry","category-actualidad","category-policiales"],"_links":{"self":[{"href":"https:\/\/vinasfm.com\/noticias\/wp-json\/wp\/v2\/posts\/107576","targetHints":{"allow":["GET"]}}],"collection":[{"href":"https:\/\/vinasfm.com\/noticias\/wp-json\/wp\/v2\/posts"}],"about":[{"href":"https:\/\/vinasfm.com\/noticias\/wp-json\/wp\/v2\/types\/post"}],"author":[{"embeddable":true,"href":"https:\/\/vinasfm.com\/noticias\/wp-json\/wp\/v2\/users\/8"}],"replies":[{"embeddable":true,"href":"https:\/\/vinasfm.com\/noticias\/wp-json\/wp\/v2\/comments?post=107576"}],"version-history":[{"count":1,"href":"https:\/\/vinasfm.com\/noticias\/wp-json\/wp\/v2\/posts\/107576\/revisions"}],"predecessor-version":[{"id":107581,"href":"https:\/\/vinasfm.com\/noticias\/wp-json\/wp\/v2\/posts\/107576\/revisions\/107581"}],"wp:featuredmedia":[{"embeddable":true,"href":"https:\/\/vinasfm.com\/noticias\/wp-json\/wp\/v2\/media\/35128"}],"wp:attachment":[{"href":"https:\/\/vinasfm.com\/noticias\/wp-json\/wp\/v2\/media?parent=107576"}],"wp:term":[{"taxonomy":"category","embeddable":true,"href":"https:\/\/vinasfm.com\/noticias\/wp-json\/wp\/v2\/categories?post=107576"},{"taxonomy":"post_tag","embeddable":true,"href":"https:\/\/vinasfm.com\/noticias\/wp-json\/wp\/v2\/tags?post=107576"}],"curies":[{"name":"wp","href":"https:\/\/api.w.org\/{rel}","templated":true}]}}