{"id":107514,"date":"2022-04-14T00:10:44","date_gmt":"2022-04-14T03:10:44","guid":{"rendered":"http:\/\/vinasfm.com\/noticias\/?p=107514"},"modified":"2022-04-16T11:54:35","modified_gmt":"2022-04-16T14:54:35","slug":"la-seguridad-publica-en-la-agenda-del-concejo-delibertante","status":"publish","type":"post","link":"https:\/\/vinasfm.com\/noticias\/la-seguridad-publica-en-la-agenda-del-concejo-delibertante\/","title":{"rendered":"LA SEGURIDAD P\u00daBLICA EN LA AGENDA DEL CONCEJO DELIBERTANTE"},"content":{"rendered":"<h4><span style=\"color: #000000;\"><strong>Este lunes se realiz\u00f3 en el Concejo Deliberante de General Alvear una reuni\u00f3n en la que se abordaron diferentes temas de inter\u00e9s relativo a la seguridad en el departamento teniendo como eje la participaci\u00f3n de menores en los hechos delictivos. <\/strong><\/span><\/h4>\n<p><span style=\"color: #000000;\">Del encuentro participaron<strong> fuerzas policiales, actores del poder judicial como jueces y fiscales, concejales, consejo de seguridad<\/strong> y <strong>funcionarios del ejecutivo departamental<\/strong> para conocer los procedimientos y actuaciones que se est\u00e1n llevando adelante en cada una de las jurisdicciones.<\/span><\/p>\n<p><span style=\"color: #000000;\">Cabe destacar el compromiso de trabajar en forma mancomunada<strong> llevando adelante diferentes acciones en busca de soluciones ante la problem\u00e1tica del delito<\/strong> ocasionado sobre todo por ciudadanos menores.<\/span><\/p>\n<p><span style=\"color: #000000;\">&#8216;<strong><em>El objetivo de la reuni\u00f3n es dar continuidad a la coordinaci\u00f3n de acciones, ver distintos temas puntuales que nos preocupan a todos y abordar algunos planteos que hemos recibido en el Concejo Deliberante<\/em><\/strong>&#8216;, se\u00f1al\u00f3 la presidente del cuerpo deliberativo Mabel Uccelli.<\/span><\/p>\n","protected":false},"excerpt":{"rendered":"<p>Este lunes se realiz\u00f3 en el Concejo Deliberante de General Alvear una reuni\u00f3n en la que se abordaron diferentes temas de &#8230;<\/p>\n","protected":false},"author":8,"featured_media":107516,"comment_status":"open","ping_status":"open","sticky":false,"template":"","format":"standard","meta":{"footnotes":""},"categories":[5,33],"tags":[],"class_list":["post-107514","post","type-post","status-publish","format-standard","has-post-thumbnail","hentry","category-actualidad","category-seguridad"],"_links":{"self":[{"href":"https:\/\/vinasfm.com\/noticias\/wp-json\/wp\/v2\/posts\/107514","targetHints":{"allow":["GET"]}}],"collection":[{"href":"https:\/\/vinasfm.com\/noticias\/wp-json\/wp\/v2\/posts"}],"about":[{"href":"https:\/\/vinasfm.com\/noticias\/wp-json\/wp\/v2\/types\/post"}],"author":[{"embeddable":true,"href":"https:\/\/vinasfm.com\/noticias\/wp-json\/wp\/v2\/users\/8"}],"replies":[{"embeddable":true,"href":"https:\/\/vinasfm.com\/noticias\/wp-json\/wp\/v2\/comments?post=107514"}],"version-history":[{"count":1,"href":"https:\/\/vinasfm.com\/noticias\/wp-json\/wp\/v2\/posts\/107514\/revisions"}],"predecessor-version":[{"id":107517,"href":"https:\/\/vinasfm.com\/noticias\/wp-json\/wp\/v2\/posts\/107514\/revisions\/107517"}],"wp:featuredmedia":[{"embeddable":true,"href":"https:\/\/vinasfm.com\/noticias\/wp-json\/wp\/v2\/media\/107516"}],"wp:attachment":[{"href":"https:\/\/vinasfm.com\/noticias\/wp-json\/wp\/v2\/media?parent=107514"}],"wp:term":[{"taxonomy":"category","embeddable":true,"href":"https:\/\/vinasfm.com\/noticias\/wp-json\/wp\/v2\/categories?post=107514"},{"taxonomy":"post_tag","embeddable":true,"href":"https:\/\/vinasfm.com\/noticias\/wp-json\/wp\/v2\/tags?post=107514"}],"curies":[{"name":"wp","href":"https:\/\/api.w.org\/{rel}","templated":true}]}}