{"id":107497,"date":"2022-04-13T23:59:40","date_gmt":"2022-04-14T02:59:40","guid":{"rendered":"http:\/\/vinasfm.com\/noticias\/?p=107497"},"modified":"2022-04-19T09:16:50","modified_gmt":"2022-04-19T12:16:50","slug":"vamos-todos-presos-la-escandalosa-confesion-del-alvearense-ernesto-franco-que-es-ministro-en-la-pampa","status":"publish","type":"post","link":"https:\/\/vinasfm.com\/noticias\/vamos-todos-presos-la-escandalosa-confesion-del-alvearense-ernesto-franco-que-es-ministro-en-la-pampa\/","title":{"rendered":"&#8216;VAMOS TODOS PRESOS&#8217;: LA ESCANDALOSA CONFESI\u00d3N DEL ALVEARENSE ERNESTO FRANCO QUE ES MINISTRO EN LA PAMPA"},"content":{"rendered":"<h4><strong>El ministro de Hacienda de La Pampa, el alvearense Ernesto Franco, qued\u00f3 envuelto en una fuerte pol\u00e9mica luego de que se conociera el fragmento de un video en el que se escucha pedir que se deje de grabar una reuni\u00f3n en la C\u00e1mara de Diputados, y que tampoco se tome la versi\u00f3n taquigr\u00e1fica en el recinto, para hablar del manejo de fondos y una aparente movida para que la empresa estatal PAMPetrol pagara menos impuestos.<\/strong><\/h4>\n<p><strong>\u00abVamos todos presos\u00bb<\/strong>, lanz\u00f3 el funcionario provincial en una reuni\u00f3n que se dio el\u00a013 de diciembre pasado, al presentar el proyecto de Ley de Presupuesto 2022 y el video de la sesi\u00f3n volvi\u00f3 a tomar relevancia este martes.<\/p>\n<div class=\"twitter-tweet twitter-tweet-rendered\"><iframe id=\"twitter-widget-0\" class=\"\" title=\"Twitter Tweet\" src=\"https:\/\/platform.twitter.com\/embed\/Tweet.html?dnt=false&amp;embedId=twitter-widget-0&amp;features=eyJ0ZndfZXhwZXJpbWVudHNfY29va2llX2V4cGlyYXRpb24iOnsiYnVja2V0IjoxMjA5NjAwLCJ2ZXJzaW9uIjpudWxsfSwidGZ3X3NwYWNlX2NhcmQiOnsiYnVja2V0Ijoib2ZmIiwidmVyc2lvbiI6bnVsbH0sInRmd19zZW5zaXRpdmVfbWVkaWFfaW50ZXJzdGl0aWFsXzEzOTYzIjp7ImJ1Y2tldCI6ImNvbnRyb2wiLCJ2ZXJzaW9uIjo0fX0%3D&amp;frame=false&amp;hideCard=false&amp;hideThread=false&amp;id=1514033705408360449&amp;lang=es&amp;origin=https%3A%2F%2Fwww.elsol.com.ar%2Fel-pais%2Fvideo-vamos-todos-presos-la-escandalosa-confesion-de-un-ministro-pampeano&amp;sessionId=71ee01ee162fed1115780facb8b2d9110613bda0&amp;siteScreenName=elsolonline&amp;theme=light&amp;widgetsVersion=c8fe9736dd6fb%3A1649830956492&amp;width=550px\" frameborder=\"0\" scrolling=\"no\" allowfullscreen=\"allowfullscreen\" data-tweet-id=\"1514033705408360449\" data-mce-fragment=\"1\"><\/iframe><\/div>\n<p>Al comienzo del video se escucha una primera voz que plantea las intenciones del Ministro:\u00a0<strong>\u201c\u00bfQuer\u00e9s quitar la grabaci\u00f3n? Ah, si se puede suspender la grabaci\u00f3n dice el Ministro\u201d.<\/strong><\/p>\n<p><strong>\u201cEstamos por Zoom, \u00bfpodemos parar la grabaci\u00f3n? \u00bfParamos un segundo?\u201d<\/strong>, insiste luego la misma voz.<\/p>\n<p><strong>\u201cSe convierte en una reuni\u00f3n secreta\u201d<\/strong>, se escucha bromear a otra persona a los pocos segundos.<\/p>\n<p><strong>\u201cBien, Ministro. Estamos parados\u201d<\/strong>, le confirma otra al funcionario.<\/p>\n<p><strong>\u201cPerd\u00f3n, hay versi\u00f3n taquigr\u00e1fica: \u00bftampoco?\u201d<\/strong>, le consulta al Ministro a otra persona.<\/p>\n<p><strong>\u201cSe corta toda comunicaci\u00f3n con el mundo\u201d<\/strong>, se\u00f1ala alguien m\u00e1s en el lugar, tambi\u00e9n a modo de broma.<\/p>\n<p>Franco, al tomar la palabra y antes de tocar los temas, tambi\u00e9n se refiere con iron\u00eda a la profesional que trabaja en el lugar:\u00a0<strong>\u201cAh, est\u00e1 la taqu\u00edgrafa ah\u00ed atr\u00e1s&#8230; pierde el empleo ah\u00ed\u201d.<\/strong><\/p>\n<p>Luego, tras confirmar que se hab\u00eda dejado de grabar la reuni\u00f3n, Franco desarroll\u00f3 su idea alrededor del dinero que deb\u00eda ingresar al Estado por parte de la empresa de energ\u00eda hidrocarbur\u00edfera: \u201cEvidentemente, le digo a todos, nosotros cuando empez\u00f3 el tema de Pampetrol, nosotros inventamos el tema del alquiler para bajar impuesto a las ganancias. Pero Pampetrol no entend\u00eda el tema: me pagaba el IVA.\u00a0<strong>De ah\u00ed vamos todos presos, muchachos\u201d.<\/strong><\/p>\n<p>\u00abEsta es toda la verdad: me pagaba el IVA. Por eso le exig\u00edamos y por eso el pago de estos\u00a0200 millones en tres cuotas. Entonces, qu\u00e9 se hizo en pagar el IVA y un 18% o 20% m\u00e1s para disimular. El resto, lo capitaliz\u00e1bamos.\u00a0<strong>Esa es la verdad: la creamos para no pagar impuesto a las ganancias y no lo entend\u00edan<\/strong>.\u00a0Esa es la verdad: no lo entend\u00edan. Y ten\u00edan la plata\u201d, afirm\u00f3 el funcionario.<\/p>\n<p>A su vez, mencion\u00f3 a uno de los directores titulares de Pampetrol, que pertenece a la oposici\u00f3n, quien ya hab\u00eda denunciado que esos fondos se hab\u00edan derivado a la campa\u00f1a electoral: \u201cEntonces, cuando lo exigimos y lo entendieron, pagan tres cuotas y despu\u00e9s me entero que\u00a0Hugo P\u00e9rez\u00a0dijo que era para pagar la campa\u00f1a. Entonces, Hugo P\u00e9rez debi\u00f3 haber reaccionado y haber dicho:\u00a0\u2018Che, p\u00e1guenle algo para que no sea tan evidente lo que estamos haciendo.\u00a0Esto es la verdad, a esto voy yo. Y lo tenemos re claro al tema.\u00a0<strong>No lo quiero grabar porque vamos todos\u2026\u201d.<\/strong><\/p>\n<h4><strong>El comunicado del ministro<\/strong><\/h4>\n<p>El video comenz\u00f3 a circular en redes sociales este martes.\u00a0Horas despu\u00e9s, Franco emiti\u00f3 un comunicado para contextualizar sus palabras.<\/p>\n<p>\u201cExpliqu\u00e9 a los se\u00f1ores diputados los fundamentos del\u00a0reclamo del pago de alquileres por el uso de los bienes e instalaciones provinciales afectados a la explotaci\u00f3n hidrocarbur\u00edfera, se realizaba para preservar el patrimonio provincial y las responsabilidades propias de los funcionarios p\u00fablicos, adem\u00e1s de las eventuales consecuencias penales en caso de que no hubi\u00e9ramos concretado el reclamo pertinente\u201d, dijo en el comunicado.<\/p>\n<p>\u201cSolicit\u00e9 se dejara de grabar la sesi\u00f3n, puesto que se iban a ventilar cuestiones relativas a la relaci\u00f3n entre el Estado Provincial y Pampetrol S.A.P.E.M. que involucraban un proceso de negociaci\u00f3n entre una parte p\u00fablica y otra parte privada con mayor\u00eda estatal y que ten\u00eda incidencia en la situaci\u00f3n econ\u00f3mica y comercial de la \u00faltima\u201d,\u00a0a\u00f1adi\u00f3.<\/p>\n<p>\u201cExpliqu\u00e9 entonces que a Pampetrol\u00a0se le reclamaba desde mi \u00e1rea asiduamente el pago de los alquileres\u00a0(ya que solamente abonaba el IVA), lo que hab\u00eda motivado que enviara las notas de reclamo correspondientes.\u00a0La negociaci\u00f3n deriv\u00f3 en un pago en efectivo de 132 millones de pesos en tres cuotas\u00a0por parte de Pampetrol S.A.P.E.M., quedando un remanente de 529 millones que el Estado Provincial se compromet\u00eda a capitalizar\u201d, continu\u00f3.<\/p>\n<p>\u201cResultar\u00eda una injusticia que mis expresiones descontextualizadas invaliden y\/o menoscaben la pol\u00edtica energ\u00e9tica de la Provincia de la Pampa, que desde el a\u00f1o 2003 a la fecha de manera consensuada y sostenida venimos construyendo\u201d,\u00a0finaliz\u00f3.<\/p>\n","protected":false},"excerpt":{"rendered":"<p>El ministro de Hacienda de La Pampa, el alvearense Ernesto Franco, qued\u00f3 envuelto en una fuerte pol\u00e9mica luego de que se &#8230;<\/p>\n","protected":false},"author":8,"featured_media":107498,"comment_status":"open","ping_status":"open","sticky":false,"template":"","format":"standard","meta":{"footnotes":""},"categories":[5,10],"tags":[],"class_list":["post-107497","post","type-post","status-publish","format-standard","has-post-thumbnail","hentry","category-actualidad","category-destacadas"],"_links":{"self":[{"href":"https:\/\/vinasfm.com\/noticias\/wp-json\/wp\/v2\/posts\/107497","targetHints":{"allow":["GET"]}}],"collection":[{"href":"https:\/\/vinasfm.com\/noticias\/wp-json\/wp\/v2\/posts"}],"about":[{"href":"https:\/\/vinasfm.com\/noticias\/wp-json\/wp\/v2\/types\/post"}],"author":[{"embeddable":true,"href":"https:\/\/vinasfm.com\/noticias\/wp-json\/wp\/v2\/users\/8"}],"replies":[{"embeddable":true,"href":"https:\/\/vinasfm.com\/noticias\/wp-json\/wp\/v2\/comments?post=107497"}],"version-history":[{"count":2,"href":"https:\/\/vinasfm.com\/noticias\/wp-json\/wp\/v2\/posts\/107497\/revisions"}],"predecessor-version":[{"id":107637,"href":"https:\/\/vinasfm.com\/noticias\/wp-json\/wp\/v2\/posts\/107497\/revisions\/107637"}],"wp:featuredmedia":[{"embeddable":true,"href":"https:\/\/vinasfm.com\/noticias\/wp-json\/wp\/v2\/media\/107498"}],"wp:attachment":[{"href":"https:\/\/vinasfm.com\/noticias\/wp-json\/wp\/v2\/media?parent=107497"}],"wp:term":[{"taxonomy":"category","embeddable":true,"href":"https:\/\/vinasfm.com\/noticias\/wp-json\/wp\/v2\/categories?post=107497"},{"taxonomy":"post_tag","embeddable":true,"href":"https:\/\/vinasfm.com\/noticias\/wp-json\/wp\/v2\/tags?post=107497"}],"curies":[{"name":"wp","href":"https:\/\/api.w.org\/{rel}","templated":true}]}}