{"id":107488,"date":"2022-04-13T00:01:21","date_gmt":"2022-04-13T03:01:21","guid":{"rendered":"http:\/\/vinasfm.com\/noticias\/?p=107488"},"modified":"2022-04-14T10:22:48","modified_gmt":"2022-04-14T13:22:48","slug":"fuerte-colision-entre-un-colectivo-y-un-automovil-en-la-esquina-de-paso-de-los-andes-y-olascoaga","status":"publish","type":"post","link":"https:\/\/vinasfm.com\/noticias\/fuerte-colision-entre-un-colectivo-y-un-automovil-en-la-esquina-de-paso-de-los-andes-y-olascoaga\/","title":{"rendered":"FUERTE COLISI\u00d3N ENTRE UN COLECTIVO Y UN AUTOM\u00d3VIL EN LA ESQUINA DE PASO DE LOS ANDES Y OLASCOAGA"},"content":{"rendered":"<h4><strong><span style=\"color: #000000;\">Uno de los colectivos de la empresa La Uni\u00f3n S.R.L. protagoniz\u00f3, junto con un autom\u00f3vil particular, una fort\u00edsima colisi\u00f3n en la intersecci\u00f3n de calles Paso de Los Andes y Olascoaga. El conductor del veh\u00edculo menor result\u00f3 lesionado.<\/span><\/strong><\/h4>\n<p><span style=\"color: #000000;\">El siniestro se produjo alrededor de las <strong>13hs de este martes<\/strong> seg\u00fan informaron fuentes policiales, quienes acudieron al escenario del hecho frente a la plaza departamental.<\/span><\/p>\n<p><span style=\"color: #000000;\">Seg\u00fan la reconstrucci\u00f3n oficial, el <strong>Renault<\/strong> (rojo) <strong>circulaba<\/strong> al mando de un hombre mayor de edad <strong>de este a oeste por Paso de Los Andes<\/strong> y al llegar al cruce con Olascoaga<strong> fue embestido por el colectivo interurbano que transitaba hacia hacia el sur<\/strong>.<\/span><\/p>\n<p><span style=\"color: #000000;\">Producto del choque, <strong>la movilidad arrastr\u00f3 casi 30 metros al segundo rodado ocasionando que su conductor resultara con lesiones leves<\/strong>, raz\u00f3n por la que fue trasladado al hospital Enfermeros Argentinos para su asistencia. Por otra parte, <strong>el colectivero y los pasajeros resultaron ilesos<\/strong>.<\/span><\/p>\n","protected":false},"excerpt":{"rendered":"<p>Uno de los colectivos de la empresa La Uni\u00f3n S.R.L. protagoniz\u00f3, junto con un autom\u00f3vil particular, una fort\u00edsima colisi\u00f3n en la &#8230;<\/p>\n","protected":false},"author":8,"featured_media":107489,"comment_status":"open","ping_status":"open","sticky":false,"template":"","format":"standard","meta":{"footnotes":""},"categories":[5,4],"tags":[],"class_list":["post-107488","post","type-post","status-publish","format-standard","has-post-thumbnail","hentry","category-actualidad","category-policiales"],"_links":{"self":[{"href":"https:\/\/vinasfm.com\/noticias\/wp-json\/wp\/v2\/posts\/107488","targetHints":{"allow":["GET"]}}],"collection":[{"href":"https:\/\/vinasfm.com\/noticias\/wp-json\/wp\/v2\/posts"}],"about":[{"href":"https:\/\/vinasfm.com\/noticias\/wp-json\/wp\/v2\/types\/post"}],"author":[{"embeddable":true,"href":"https:\/\/vinasfm.com\/noticias\/wp-json\/wp\/v2\/users\/8"}],"replies":[{"embeddable":true,"href":"https:\/\/vinasfm.com\/noticias\/wp-json\/wp\/v2\/comments?post=107488"}],"version-history":[{"count":1,"href":"https:\/\/vinasfm.com\/noticias\/wp-json\/wp\/v2\/posts\/107488\/revisions"}],"predecessor-version":[{"id":107492,"href":"https:\/\/vinasfm.com\/noticias\/wp-json\/wp\/v2\/posts\/107488\/revisions\/107492"}],"wp:featuredmedia":[{"embeddable":true,"href":"https:\/\/vinasfm.com\/noticias\/wp-json\/wp\/v2\/media\/107489"}],"wp:attachment":[{"href":"https:\/\/vinasfm.com\/noticias\/wp-json\/wp\/v2\/media?parent=107488"}],"wp:term":[{"taxonomy":"category","embeddable":true,"href":"https:\/\/vinasfm.com\/noticias\/wp-json\/wp\/v2\/categories?post=107488"},{"taxonomy":"post_tag","embeddable":true,"href":"https:\/\/vinasfm.com\/noticias\/wp-json\/wp\/v2\/tags?post=107488"}],"curies":[{"name":"wp","href":"https:\/\/api.w.org\/{rel}","templated":true}]}}