{"id":107459,"date":"2022-04-13T10:20:19","date_gmt":"2022-04-13T13:20:19","guid":{"rendered":"http:\/\/vinasfm.com\/noticias\/?p=107459"},"modified":"2022-04-13T11:52:03","modified_gmt":"2022-04-13T14:52:03","slug":"alvear-ofrece-una-variada-agenda-turistica-para-semana-santa","status":"publish","type":"post","link":"https:\/\/vinasfm.com\/noticias\/alvear-ofrece-una-variada-agenda-turistica-para-semana-santa\/","title":{"rendered":"ALVEAR OFRECE UNA VARIADA AGENDA TUR\u00cdSTICA PARA SEMANA SANTA"},"content":{"rendered":"<h4><strong><span style=\"color: #000000;\">La Directora de Turismo Fabiana Gonz\u00e1lez, en conferencia de prensa, inform\u00f3 las actividades programadas para Semana Santa e invit\u00f3 al evento M\u00fasica Cl\u00e1sica por los Caminos del Vino, que se realizar\u00e1 el pr\u00f3ximo s\u00e1bado en Bodega La Regional.<\/span><\/strong><\/h4>\n<p><span style=\"color: #000000;\">En Semana Santa, alvearenses y turistas pueden hacer el circuito de museos del Departamento, visitar el patrimonio municipal Bodega Fara\u00f3n, Costanera Alvear.<\/span><\/p>\n<p><span style=\"color: #000000;\">El <strong>s\u00e1bado 16 abril, de 18 a 22h<\/strong>, tendr\u00e1 lugar en el Mercado municipal, el evento Tardecitas en el Mercado, que, por el D\u00eda Mundial del Arte, participar\u00e1n artistas pl\u00e1sticos, estudiantes y profesores de la Carrera de Artes Visuales del IES, con sus pinturas y esculturas, adem\u00e1s de m\u00fasica en vivo, a cargo de la Banda Inclusiva, Mauricio y Gema. <strong>El aforo ser\u00e1 de 100 personas<\/strong>, los interesados pueden obtener de modo gratuito su entrada en: <a href=\"https:\/\/mendoza.tur.ar\/musica-clasica\/general-alvear-bodega-regional-16-04-2100-hs\/\">https:\/\/mendoza.tur.ar\/musica-clasica\/general-alvear-bodega-regional-16-04-2100-hs\/<\/a><\/span><\/p>\n<p><span style=\"color: #000000;\"><strong>A partir de las 21h, el s\u00e1bado 16 de abril<\/strong>, llega desde el Ministerio de Cultura y Turismo de Mendoza el evento M\u00fasica Cl\u00e1sica por los Caminos del Vino que se realizar\u00e1 en Bodega La Regional, ubicada en Ruta 188 y callej\u00f3n 8, donde se compartir\u00e1 un peque\u00f1o brindis y se presentar\u00e1 el D\u00fao Barroso Romero.<\/span><\/p>\n<p><span style=\"color: #000000;\">Por otra parte, el <strong>domingo 17 de abril, por el D\u00eda Mundial del Malbec<\/strong>, \u201c<strong><em>vamos a compartir en restaurantes, al mediod\u00eda y por la noche, una copa de Malbec elaborado en las bodegas alvearenses a los mayores de 18 a\u00f1os que deseen degustar<\/em><\/strong>\u201d, resalt\u00f3 Fabiana Gonz\u00e1lez.<\/span><\/p>\n<p><span style=\"color: #000000;\">Respecto a la ocupaci\u00f3n en hoteles y caba\u00f1as, la Directora detall\u00f3 que la semana pasada estuvo al 60%, hoy se encuentra al 75%, por lo que aguarda con muchas expectativas el fin de semana largo, dado que Alvear es el elegido para descansar.<\/span><\/p>\n<p><span style=\"color: #000000;\">\u201c<strong><em>Respecto a las actividades religiosas que tendr\u00e1n lugar en cada Parroquia y Capilla del Departamento, los interesados pueden consultar en redes oficiales los horarios<\/em><\/strong>\u201d, concluy\u00f3 la funcionaria.<\/span><\/p>\n","protected":false},"excerpt":{"rendered":"<p>La Directora de Turismo Fabiana Gonz\u00e1lez, en conferencia de prensa, inform\u00f3 las actividades programadas para Semana Santa e invit\u00f3 al evento &#8230;<\/p>\n","protected":false},"author":8,"featured_media":33186,"comment_status":"open","ping_status":"open","sticky":false,"template":"","format":"standard","meta":{"footnotes":""},"categories":[5,11],"tags":[],"class_list":["post-107459","post","type-post","status-publish","format-standard","has-post-thumbnail","hentry","category-actualidad","category-sociales"],"_links":{"self":[{"href":"https:\/\/vinasfm.com\/noticias\/wp-json\/wp\/v2\/posts\/107459","targetHints":{"allow":["GET"]}}],"collection":[{"href":"https:\/\/vinasfm.com\/noticias\/wp-json\/wp\/v2\/posts"}],"about":[{"href":"https:\/\/vinasfm.com\/noticias\/wp-json\/wp\/v2\/types\/post"}],"author":[{"embeddable":true,"href":"https:\/\/vinasfm.com\/noticias\/wp-json\/wp\/v2\/users\/8"}],"replies":[{"embeddable":true,"href":"https:\/\/vinasfm.com\/noticias\/wp-json\/wp\/v2\/comments?post=107459"}],"version-history":[{"count":2,"href":"https:\/\/vinasfm.com\/noticias\/wp-json\/wp\/v2\/posts\/107459\/revisions"}],"predecessor-version":[{"id":107500,"href":"https:\/\/vinasfm.com\/noticias\/wp-json\/wp\/v2\/posts\/107459\/revisions\/107500"}],"wp:featuredmedia":[{"embeddable":true,"href":"https:\/\/vinasfm.com\/noticias\/wp-json\/wp\/v2\/media\/33186"}],"wp:attachment":[{"href":"https:\/\/vinasfm.com\/noticias\/wp-json\/wp\/v2\/media?parent=107459"}],"wp:term":[{"taxonomy":"category","embeddable":true,"href":"https:\/\/vinasfm.com\/noticias\/wp-json\/wp\/v2\/categories?post=107459"},{"taxonomy":"post_tag","embeddable":true,"href":"https:\/\/vinasfm.com\/noticias\/wp-json\/wp\/v2\/tags?post=107459"}],"curies":[{"name":"wp","href":"https:\/\/api.w.org\/{rel}","templated":true}]}}