{"id":107390,"date":"2022-04-12T23:59:32","date_gmt":"2022-04-13T02:59:32","guid":{"rendered":"http:\/\/vinasfm.com\/noticias\/?p=107390"},"modified":"2022-04-13T09:54:10","modified_gmt":"2022-04-13T12:54:10","slug":"alejandro-veron-anuncio-nuevos-programas-para-el-sector-productivo-local","status":"publish","type":"post","link":"https:\/\/vinasfm.com\/noticias\/alejandro-veron-anuncio-nuevos-programas-para-el-sector-productivo-local\/","title":{"rendered":"ALEJANDRO VER\u00d3N ANUNCI\u00d3 NUEVOS PROGRAMAS PARA EL SECTOR PRODUCTIVO LOCAL"},"content":{"rendered":"<h4><span style=\"color: #000000;\"><strong>Este lunes, el intendente Walther Marcolini, junto con el Secretario de Desarrollo y Promoci\u00f3n Departamental Carlos Ponce, y miembros del equipo de gesti\u00f3n recibieron al Subsecretario de Desarrollo Social de la Provincia Alejandro Ver\u00f3n, quien lleg\u00f3 al departamento con el objetivo de realizar un control integral de los distintos programas que se viene desarrollando a trav\u00e9s de la Secretar\u00eda de Desarrollo y Promoci\u00f3n Departamental en sus diversas \u00e1reas, anunciar nuevos programas para el presente a\u00f1o y realizar visitas en territorio.<\/strong><\/span><\/h4>\n<p><span style=\"color: #000000;\">El intendente Walther Marcolini se refiri\u00f3 a la visita del funcionario provincial: \u201c<strong><em>La idea es realizar un balance de los trabajos de las dos \u00e1reas en las que venimos trabajando, por un lado la contingencia que tiene que ver con los problemas sociales, atacar los problemas de presenta y las situaciones de vulnerabilidad que se presentan. Y por otro lado, la parte productiva que encara la Secretar\u00eda de Desarrollo Econ\u00f3mico<\/em><\/strong>\u201d. <\/span><\/p>\n<p><span style=\"color: #000000;\">El Jefe Comunal destac\u00f3 que uno de los temas que se trataron fue el <strong>Plan Techo<\/strong>, que avanza muy bien gracias al aporte que la Provincia realiza en cuanto a materiales, por otro lado el tema de la Garrafa Social, donde el Municipio tiene un trabajo durante todo el a\u00f1o y la Provincia refuerza en la \u00e9poca invernal, adem\u00e1s se habl\u00f3 acerca del fortalecimiento de los talleres municipales con telas para la confecci\u00f3n de las diferentes creaciones que realizan. <\/span><\/p>\n<p><span style=\"color: #000000;\">Y por el lado de Econom\u00eda Social, el intendente destac\u00f3 que se realiz\u00f3 un fortalecimiento de tres millones y medio de pesos, con resultados positivos en cuanto al n\u00famero de productores que han participado y los kilos de carne que se ha faenado y distribuido: \u201c<strong><em>Otro tema es formar en poda, donde vamos a tener un cupo de 75 personas que se van a capacitar y a quienes se les va a entregar un kit. Adem\u00e1s la Feria de Finca que se va a realizar nuevamente en la Fiesta Nacional de la Ganader\u00eda y finalmente el tema de microcr\u00e9ditos<\/em><\/strong>\u201d destac\u00f3 el intendente acerca de la amplia agenda tratada en la ma\u00f1ana de este lunes.<\/span><\/p>\n<p><span style=\"color: #000000;\">Por su parte, el <strong>Subsecretario de Desarrollo Social de la Provincia Alejandro Ver\u00f3n<\/strong> asegur\u00f3 que se est\u00e1 trabajando en dos grandes grupos, por un lado la asistencia inmediata articulando con Contingencias del Municipio a aquellas personas que est\u00e1n en situaci\u00f3n vulnerable, siempre teniendo en mente que hay que trabajar en la generaci\u00f3n de empleos: \u201c<em><b>Hicimos un balance de la producci\u00f3n porcina y creo que este es el modelo que tenemos que replicar, no solo se ayud\u00f3 a productores sino que parte de esta producci\u00f3n fue destinada a nueve merenderos de General Alvear, con m\u00e1s de cinco mil kilos de carne que aportan a la alimentaci\u00f3n de una gran cantidad de ni\u00f1os del departamento, cerrando de esta manera un c\u00edrculo virtuoso donde se apoya al productor y se da una mano al que la necesita<\/b><\/em>\u201d.<\/span><\/p>\n<h4><span style=\"color: #000000;\"><strong>Anuncios de importancia:<\/strong><\/span><\/h4>\n<p><span style=\"color: #000000;\">a) <strong>Programa de FORTALECIMIENTO DE LA PRODUCCI\u00d3N PORCINA CON FINES SOCIALES<\/strong>: Relanzamiento para el a\u00f1o 2022 de dicho programa con un nuevo aporte de la Subsecretar\u00eda de $ 3.000.000 lo cual permitir\u00e1 fortalecer nuevamente, mediante financiamiento y devoluci\u00f3n a valor producto, a productores porcinos del departamento. El producido ser\u00e1 destinado a merenderos y comedores que realizan contenci\u00f3n social en General Alvear proveyendo as\u00ed de prote\u00edna c\u00e1rnica porcina a sectores vulnerables. Programa \u00fanico en su tipo en la provincia.<\/span><\/p>\n<p><span style=\"color: #000000;\">b) <strong>Programa de Formaci\u00f3n y Recuperaci\u00f3n de Oficios<\/strong>: en primera instancia se proceder\u00e1 a realizar un curso de capacitaci\u00f3n de poda de vides lo cual permitir\u00e1 capacitar, perfeccionar, reivindicar y poner en valor el oficio generador de mano de obra necesaria para la econom\u00eda local. En esta primera edici\u00f3n el programa contar\u00e1 con 75 cupos con un aporte por parte de la Subsecretar\u00eda de 75 kits de poda con una valoraci\u00f3n estimada de pesos $ 450.000. Dichos kits ser\u00e1n la herramienta necesaria para el desarrollo de la capacitaci\u00f3n quedando finalmente para cada uno de los capacitados. La Secretar\u00eda de Desarrollo y Promoci\u00f3n Departamental realizar\u00e1 un aporte de $300.000 para complementar dichos kits y realizar un aporte en dinero para cada beneficiario. La actividad est\u00e1 programada para fines de Mayo y Junio, constar\u00e1 de 4 clases presenciales destinadas a personas del departamento de entre 18 a 30 a\u00f1os de edad y ser\u00e1 desarrollada por la Direcci\u00f3n de Agricultura en colaboraci\u00f3n con otras entidades.<\/span><\/p>\n<p><span style=\"color: #000000;\">c) <strong>L\u00ednea de Microcr\u00e9ditos Municipal<\/strong>: Con el aporte de la Subsecretar\u00eda de Desarrollo de la Provincia de un monto total de $ 1.200.000 se proceder\u00e1 a fondear la l\u00ednea de microcr\u00e9ditos municipal destinada a fortalecer a emprendedores de la econom\u00eda social del departamento. Esta l\u00ednea estar\u00e1 a cargo del \u00c1rea de Econom\u00eda Social de la Direcci\u00f3n de Desarrollo Econ\u00f3mico e Innovaci\u00f3n, comenzar\u00e1 a operar a partir de Mayo y contar\u00e1 con tasas de inter\u00e9s diferenciales al sistema financiero tradicional siendo accesible para los emprendedores.<\/span><\/p>\n<p><span style=\"color: #000000;\">d) <strong>Asistencia y Colaboraci\u00f3n en Feria de Fincas<\/strong>: la Direcci\u00f3n de Econom\u00eda Social de la Subsecretar\u00eda de Desarrollo Social de la Provincia colaborar\u00e1 y participar\u00e1 en el armado de Feria de Fincas 2022 en apoyo a los emprendedores de la econom\u00eda social local y puesta en valor de los productos en el marco de la Fiesta Nacional de la Ganader\u00eda de Zonas \u00c1ridas mediante el aporte de dinero para el armado de la infraestructura, capacitaciones, controles de gesti\u00f3n y puesta en valor del emprendimiento social local.<\/span><\/p>\n<p><span style=\"color: #000000;\">Luego se realiz\u00f3 una visita al campo del productor porcino Juan Carlos Garc\u00eda quien fuera beneficiario del financiamiento de la primera edici\u00f3n del programa de fortalecimiento de la producci\u00f3n porcina con fines sociales y ser\u00e1 postulante, a criterio de la <strong>Direcci\u00f3n de Agricultura, Ganader\u00eda y Faena<\/strong>, para la nueva edici\u00f3n 2022 del mismo dado su perfil productivo y calidad de cerdos capones provisto en la primera etapa del programa.<\/span><\/p>\n<p><span style=\"color: #000000;\">Finalmente se visit\u00f3 el campo del productor av\u00edcola Daldo Alferez en el distrito de San Pedro del Atuel quien fue beneficiario del <strong>ANR<\/strong> del programa de <strong>Fortalecimiento de la Producci\u00f3n Av\u00edcola Departamental<\/strong> cuyo objetivo es fortalecer la actividad emprendedora en granjas av\u00edcolas para la producci\u00f3n de huevos camperos (modalidad cr\u00eda a piso) y as\u00ed tambi\u00e9n abastecer el mercado local y sustituir el ingreso desde otros oasis productivos. Dicho programa cuenta con un cargo social a cumplir por parte de los beneficiarios que consiste en la entrega a instituciones, merenderos y comedores locales con huevos para proveer as\u00ed con ovo prote\u00ednas a sectores vulnerables.<\/span><\/p>\n","protected":false},"excerpt":{"rendered":"<p>Este lunes, el intendente Walther Marcolini, junto con el Secretario de Desarrollo y Promoci\u00f3n Departamental Carlos Ponce, y miembros del equipo &#8230;<\/p>\n","protected":false},"author":8,"featured_media":107392,"comment_status":"open","ping_status":"open","sticky":false,"template":"","format":"standard","meta":{"footnotes":""},"categories":[5,14],"tags":[],"class_list":["post-107390","post","type-post","status-publish","format-standard","has-post-thumbnail","hentry","category-actualidad","category-agro"],"_links":{"self":[{"href":"https:\/\/vinasfm.com\/noticias\/wp-json\/wp\/v2\/posts\/107390","targetHints":{"allow":["GET"]}}],"collection":[{"href":"https:\/\/vinasfm.com\/noticias\/wp-json\/wp\/v2\/posts"}],"about":[{"href":"https:\/\/vinasfm.com\/noticias\/wp-json\/wp\/v2\/types\/post"}],"author":[{"embeddable":true,"href":"https:\/\/vinasfm.com\/noticias\/wp-json\/wp\/v2\/users\/8"}],"replies":[{"embeddable":true,"href":"https:\/\/vinasfm.com\/noticias\/wp-json\/wp\/v2\/comments?post=107390"}],"version-history":[{"count":2,"href":"https:\/\/vinasfm.com\/noticias\/wp-json\/wp\/v2\/posts\/107390\/revisions"}],"predecessor-version":[{"id":107393,"href":"https:\/\/vinasfm.com\/noticias\/wp-json\/wp\/v2\/posts\/107390\/revisions\/107393"}],"wp:featuredmedia":[{"embeddable":true,"href":"https:\/\/vinasfm.com\/noticias\/wp-json\/wp\/v2\/media\/107392"}],"wp:attachment":[{"href":"https:\/\/vinasfm.com\/noticias\/wp-json\/wp\/v2\/media?parent=107390"}],"wp:term":[{"taxonomy":"category","embeddable":true,"href":"https:\/\/vinasfm.com\/noticias\/wp-json\/wp\/v2\/categories?post=107390"},{"taxonomy":"post_tag","embeddable":true,"href":"https:\/\/vinasfm.com\/noticias\/wp-json\/wp\/v2\/tags?post=107390"}],"curies":[{"name":"wp","href":"https:\/\/api.w.org\/{rel}","templated":true}]}}