{"id":107383,"date":"2022-04-12T23:01:21","date_gmt":"2022-04-13T02:01:21","guid":{"rendered":"http:\/\/vinasfm.com\/noticias\/?p=107383"},"modified":"2022-04-13T09:05:22","modified_gmt":"2022-04-13T12:05:22","slug":"el-abogado-del-jardin-ayun-presento-un-recurso-de-revocatoria-en-la-justicia","status":"publish","type":"post","link":"https:\/\/vinasfm.com\/noticias\/el-abogado-del-jardin-ayun-presento-un-recurso-de-revocatoria-en-la-justicia\/","title":{"rendered":"EL ABOGADO DEL JARD\u00cdN AYUN PRESENT\u00d3 UN RECURSO DE REVOCATORIA EN LA JUSTICIA"},"content":{"rendered":"<h4><strong><span style=\"color: #000000;\">El jard\u00edn maternal Ay\u00fan continua con su actividad y recibiendo el acompa\u00f1amiento de la familias de los alumnos que concurren al jard\u00edn. Los docentes actualmente no han cobrado las prestaciones completas del mes de marzo pero no dejan de realizar su trabajo. As\u00ed como desde el jard\u00edn se present\u00f3 por medio de la justicia un recurso de revocatoria para dejar sin efecto la notificaci\u00f3n de cierre del hist\u00f3rico jard\u00edn.<\/span><\/strong><\/h4>\n<p><span style=\"color: #000000;\">Desde el jard\u00edn se llevan a cabo actividades para poder afrontar algunos gastos del jard\u00edn y de las docentes, ya que solo han cobrado prestaciones por los primeros 14 d\u00edas del mes de marzo. <strong>Mar\u00eda In\u00e9s Almada, Directora del Jard\u00edn en di\u00e1logo con F.M. VI\u00d1AS<\/strong>, expres\u00f3:<em><strong> &#8216;Son 53 chichos, todos concurren, estamos funcionando normalmente pero no estamos cobrando&#8217;. &#8216;Nosotros estamos esperanzados que esto de marcha atr\u00e1s porque no podemos creer que la instituci\u00f3n vaya a desaparecer con la historia que tiene encima, estamos esperanzadas con eso y vamos a luchar hasta las \u00faltimas consecuencias&#8217;<\/strong><\/em>, agreg\u00f3.<\/span><\/p>\n<p><span style=\"color: #000000;\">El asesor legal del jard\u00edn, Alberto Miranda, expres\u00f3: <em><strong>&#8216;En primer lugar se present\u00f3 un recurso revocatoria en base a una notificaci\u00f3n donde dejaban sin efecto el funcionamiento el jard\u00edn maternal, ese recurso revocatorio ah\u00ed junto con el mismo toda la documentaci\u00f3n posteriormente todos los balances&#8217;.\u00a0<\/strong><\/em><\/span><\/p>\n<p><span style=\"color: #000000;\"><em><b style=\"color: #000000;\">&#8216;Ma\u00f1ana tenemos un audiencia para poder arribar a un acuerdo, la <\/b><span style=\"color: #000000;\"><b>acci\u00f3n<\/b><\/span><b style=\"color: #000000;\"> de amparo que hasta tanto se resuelva la revocatoria y su procedimiento tengamos la factibilidad de poder funcionar, y del funcionamiento de las maestras y directivos como as\u00ed la <\/b><span style=\"color: #000000;\"><b>compensaci\u00f3n<\/b><\/span><b style=\"color: #000000;\">\u00a0<\/b><span style=\"color: #000000;\"><b>econ\u00f3mica<\/b><\/span><b style=\"color: #000000;\"> y salarial de las mismas<\/b><\/em><span style=\"color: #000000;\">&#8216;, subray\u00f3 sobre lo esperado.<\/span><\/span><\/p>\n<p><span style=\"color: #000000;\"><span style=\"color: #000000;\">De igual forma el asesor legal, Miranda sostiene que no se tuvo una comunicaci\u00f3n y notificaci\u00f3n adecuada,<\/span><em><b style=\"color: #000000;\"> &#8216;nunca hubo una notificaci\u00f3n fehaciente de la documentaci\u00f3n, lo que hubo el cierre, la documentaci\u00f3n del 17 de enero le llego por <\/b><span style=\"color: #000000;\"><b>v\u00eda<\/b><\/span><b style=\"color: #000000;\"> mail, no es lo que corresponde, lo que corresponde es una notificaci\u00f3n fehaciente en papel&#8217;,<\/b> <\/em><span style=\"color: #000000;\">resalt\u00f3.<\/span><\/span><\/p>\n<h5>C.F.<\/h5>\n","protected":false},"excerpt":{"rendered":"<p>El jard\u00edn maternal Ay\u00fan continua con su actividad y recibiendo el acompa\u00f1amiento de la familias de los alumnos que concurren al &#8230;<\/p>\n","protected":false},"author":7,"featured_media":107420,"comment_status":"open","ping_status":"open","sticky":false,"template":"","format":"standard","meta":{"footnotes":""},"categories":[5,10],"tags":[],"class_list":["post-107383","post","type-post","status-publish","format-standard","has-post-thumbnail","hentry","category-actualidad","category-destacadas"],"_links":{"self":[{"href":"https:\/\/vinasfm.com\/noticias\/wp-json\/wp\/v2\/posts\/107383","targetHints":{"allow":["GET"]}}],"collection":[{"href":"https:\/\/vinasfm.com\/noticias\/wp-json\/wp\/v2\/posts"}],"about":[{"href":"https:\/\/vinasfm.com\/noticias\/wp-json\/wp\/v2\/types\/post"}],"author":[{"embeddable":true,"href":"https:\/\/vinasfm.com\/noticias\/wp-json\/wp\/v2\/users\/7"}],"replies":[{"embeddable":true,"href":"https:\/\/vinasfm.com\/noticias\/wp-json\/wp\/v2\/comments?post=107383"}],"version-history":[{"count":7,"href":"https:\/\/vinasfm.com\/noticias\/wp-json\/wp\/v2\/posts\/107383\/revisions"}],"predecessor-version":[{"id":107424,"href":"https:\/\/vinasfm.com\/noticias\/wp-json\/wp\/v2\/posts\/107383\/revisions\/107424"}],"wp:featuredmedia":[{"embeddable":true,"href":"https:\/\/vinasfm.com\/noticias\/wp-json\/wp\/v2\/media\/107420"}],"wp:attachment":[{"href":"https:\/\/vinasfm.com\/noticias\/wp-json\/wp\/v2\/media?parent=107383"}],"wp:term":[{"taxonomy":"category","embeddable":true,"href":"https:\/\/vinasfm.com\/noticias\/wp-json\/wp\/v2\/categories?post=107383"},{"taxonomy":"post_tag","embeddable":true,"href":"https:\/\/vinasfm.com\/noticias\/wp-json\/wp\/v2\/tags?post=107383"}],"curies":[{"name":"wp","href":"https:\/\/api.w.org\/{rel}","templated":true}]}}