{"id":107299,"date":"2022-04-08T08:45:12","date_gmt":"2022-04-08T11:45:12","guid":{"rendered":"http:\/\/vinasfm.com\/noticias\/?p=107299"},"modified":"2022-04-11T10:23:37","modified_gmt":"2022-04-11T13:23:37","slug":"el-titular-de-la-inspeccion-general-de-seguridad-destaco-el-trabajo-que-se-realiza-en-alvear","status":"publish","type":"post","link":"https:\/\/vinasfm.com\/noticias\/el-titular-de-la-inspeccion-general-de-seguridad-destaco-el-trabajo-que-se-realiza-en-alvear\/","title":{"rendered":"EL TITULAR DE LA INSPECCI\u00d3N GENERAL DE SEGURIDAD DESTAC\u00d3 EL TRABAJO QUE SE REALIZA EN ALVEAR"},"content":{"rendered":"<h4><span style=\"color: #000000;\"><strong>El Dr. Marcelo Puertas, visit\u00f3 nuestro departamento con el objetivo de recorrer las dependencias policiales de la regi\u00f3n. Estas inspecciones son realizadas para conocer el funcionamiento de cada dependencia y cu\u00e1les son las necesidades de cada una.<\/strong><\/span><\/h4>\n<p><span style=\"color: #000000;\">Luego de una reuni\u00f3n con el <strong>intendente Walther Marcolini<\/strong>, el <strong>Dr Marcelo Puertas<\/strong> brind\u00f3 una conferencia de prensa junto con el <strong>Coordinador del Consejo de Seguridad V\u00edctor Ureta<\/strong>: \u201c<strong><em>Estamos muy contentos por esta visita, es bueno recordar que el Presidente de la Inspecci\u00f3n General de Seguridad es oriundo de General Alvear. Estuvo visitando al intendente Walther Marcolini y tambi\u00e9n recorri\u00f3 algunas dependencias policiales<\/em><\/strong>\u201d, explic\u00f3 el funcionario.<\/span><\/p>\n<div id=\"attachment_107302\" style=\"width: 300px\" class=\"wp-caption alignleft\"><a href=\"http:\/\/vinasfm.com\/noticias\/wp-content\/uploads\/2022\/04\/IMG_2166-scaled.jpg\"><img loading=\"lazy\" decoding=\"async\" aria-describedby=\"caption-attachment-107302\" class=\"wp-image-107302 size-medium\" src=\"http:\/\/vinasfm.com\/noticias\/wp-content\/uploads\/2022\/04\/IMG_2166-300x200.jpg\" alt=\"\" width=\"300\" height=\"200\" srcset=\"https:\/\/vinasfm.com\/noticias\/wp-content\/uploads\/2022\/04\/IMG_2166-300x200.jpg 300w, https:\/\/vinasfm.com\/noticias\/wp-content\/uploads\/2022\/04\/IMG_2166-1024x683.jpg 1024w, https:\/\/vinasfm.com\/noticias\/wp-content\/uploads\/2022\/04\/IMG_2166-768x512.jpg 768w, https:\/\/vinasfm.com\/noticias\/wp-content\/uploads\/2022\/04\/IMG_2166-1536x1024.jpg 1536w, https:\/\/vinasfm.com\/noticias\/wp-content\/uploads\/2022\/04\/IMG_2166-2048x1365.jpg 2048w\" sizes=\"auto, (max-width: 300px) 100vw, 300px\" \/><\/a><p id=\"caption-attachment-107302\" class=\"wp-caption-text\">Reuni\u00f3n con el intendente Marcolini.<\/p><\/div>\n<p><span style=\"color: #000000;\">Por su parte, el <strong>Dr Marcelo Puertas<\/strong>, se refiri\u00f3 a su visita en la regi\u00f3n, que incluy\u00f3 la Comisar\u00eda de Monte Com\u00e1n, la Delegaci\u00f3n de Bomberos de Monte Com\u00e1n, la Comisar\u00eda de Bowen, el destacamento de Carmensa y luego la Comisar\u00eda de Villa Atuel. \u201c<strong><em>El objetivo es observar c\u00f3mo se est\u00e1 desarrollando la actividad policial, inspeccionamos la situaci\u00f3n edilicia, si es que est\u00e1 el personal que dicen los libros que tienen que estar presentes, si est\u00e1n los m\u00f3viles necesarios, si se cuenta con el armamento y los uniformes necesarios, adem\u00e1s de otros aspectos<\/em><\/strong>\u201d, subray\u00f3.<\/span><\/p>\n<p><span style=\"color: #000000;\">Junto con el intendente se dialogaron distintos temas, entre los que se cuentan la situaci\u00f3n actual de las fuerzas de seguridad y el punto de vista del Jefe Comunal: \u201c<strong><em>Es importante destacar que ya se han instalado tres m\u00f3dulos en Ugacoop, que est\u00e1n habilitados con todos los servicios como gas, luz y cloacas, para instalar un Centro Transitorio de Detenci\u00f3n para aquellas personas que se encuentran transitoriamente detenidas, y que por condiciones de ley o edilicias, no pueden estar detenidas mucho tiempo en unidades policiales y que est\u00e1n a la espera de lo que decida el Ministerio P\u00fablico Fiscal respecto si contin\u00faan detenidos o si recuperan la libertad, lo que puede llevar entre 24 hs o 48hs. Este Centro estar\u00eda custodiado por personal penitenciario y resta poco para inaugurarlo<\/em><\/strong>\u201d, asegur\u00f3 Puertas.<\/span><\/p>\n<p><span style=\"color: #000000;\">Adem\u00e1s se habl\u00f3 acerca de temas de seguridad del departamento, a lo que el funcionario policial destac\u00f3 el funcionamiento del Consejo de Seguridad: \u201c<strong><em>Es algo muy importante porque se involucra toda la comunidad, y que deber\u00eda realizarse en todos los departamentos de la Provincia pero no es as\u00ed, por eso es muy bueno lo que se hace en General Alvear ya que es una herramienta que no tiene desperdicio<\/em><\/strong>\u201d.<\/span><\/p>\n","protected":false},"excerpt":{"rendered":"<p>El Dr. Marcelo Puertas, visit\u00f3 nuestro departamento con el objetivo de recorrer las dependencias policiales de la regi\u00f3n. Estas inspecciones son &#8230;<\/p>\n","protected":false},"author":8,"featured_media":107300,"comment_status":"open","ping_status":"open","sticky":false,"template":"","format":"standard","meta":{"footnotes":""},"categories":[5,33],"tags":[],"class_list":["post-107299","post","type-post","status-publish","format-standard","has-post-thumbnail","hentry","category-actualidad","category-seguridad"],"_links":{"self":[{"href":"https:\/\/vinasfm.com\/noticias\/wp-json\/wp\/v2\/posts\/107299","targetHints":{"allow":["GET"]}}],"collection":[{"href":"https:\/\/vinasfm.com\/noticias\/wp-json\/wp\/v2\/posts"}],"about":[{"href":"https:\/\/vinasfm.com\/noticias\/wp-json\/wp\/v2\/types\/post"}],"author":[{"embeddable":true,"href":"https:\/\/vinasfm.com\/noticias\/wp-json\/wp\/v2\/users\/8"}],"replies":[{"embeddable":true,"href":"https:\/\/vinasfm.com\/noticias\/wp-json\/wp\/v2\/comments?post=107299"}],"version-history":[{"count":1,"href":"https:\/\/vinasfm.com\/noticias\/wp-json\/wp\/v2\/posts\/107299\/revisions"}],"predecessor-version":[{"id":107303,"href":"https:\/\/vinasfm.com\/noticias\/wp-json\/wp\/v2\/posts\/107299\/revisions\/107303"}],"wp:featuredmedia":[{"embeddable":true,"href":"https:\/\/vinasfm.com\/noticias\/wp-json\/wp\/v2\/media\/107300"}],"wp:attachment":[{"href":"https:\/\/vinasfm.com\/noticias\/wp-json\/wp\/v2\/media?parent=107299"}],"wp:term":[{"taxonomy":"category","embeddable":true,"href":"https:\/\/vinasfm.com\/noticias\/wp-json\/wp\/v2\/categories?post=107299"},{"taxonomy":"post_tag","embeddable":true,"href":"https:\/\/vinasfm.com\/noticias\/wp-json\/wp\/v2\/tags?post=107299"}],"curies":[{"name":"wp","href":"https:\/\/api.w.org\/{rel}","templated":true}]}}