{"id":107257,"date":"2022-04-07T00:01:49","date_gmt":"2022-04-07T03:01:49","guid":{"rendered":"http:\/\/vinasfm.com\/noticias\/?p=107257"},"modified":"2022-04-07T11:22:53","modified_gmt":"2022-04-07T14:22:53","slug":"vacunacion-antigripal-se-suman-mayores-de-65-anos-y-personas-con-comorbilidades","status":"publish","type":"post","link":"https:\/\/vinasfm.com\/noticias\/vacunacion-antigripal-se-suman-mayores-de-65-anos-y-personas-con-comorbilidades\/","title":{"rendered":"VACUNACI\u00d3N ANTIGRIPAL: SE SUMAN MAYORES DE 65 A\u00d1OS Y PERSONAS CON COMORBILIDADES"},"content":{"rendered":"<h4><span style=\"color: #000000;\"><strong>El Ministerio de Salud, Desarrollo Social y Deportes informa que a partir del jueves, 7 de abril, se comenzar\u00e1 a vacunar contra la gripe a las personas mayores de 65 a\u00f1os. Este grupo se agrega a personal de salud; embarazadas; pu\u00e9rperas, hasta 10 d\u00edas post parto, y ni\u00f1os de 6 a 24 meses, adem\u00e1s de ni\u00f1os mayores de 25 meses con comorbilidades.<\/strong><\/span><\/h4>\n<p><span style=\"color: #000000;\">En estos casos, al momento de ir a inocularse, <strong>deben llevar el DNI, la cartilla de vacunaci\u00f3n y el correspondiente certificado m\u00e9dico<\/strong>.<\/span><\/p>\n<p><span style=\"color: #000000;\">Es importante recordar que la antigripal se puede coadministrar con cualquier otra vacuna como por ejemplo vacuna contra COVID-19, SR (contra sarampi\u00f3n, rub\u00e9ola) u otra vacuna de calendario.<\/span><\/p>\n<p><span style=\"color: #000000;\">La ministra de Salud, Desarrollo Social y Deportes, Ana Mar\u00eda Nadal, reiter\u00f3 que <strong><em>\u201cla vacuna antigripal es gratuita para los grupos de riesgo y se aplica sin turno en todas las sedes de vacunaci\u00f3n COVID-19, centros de salud y vacunatorios de hospitales p\u00fablicos de la provincia<\/em><\/strong>\u201d.<\/span><\/p>\n<p><span style=\"color: #000000;\">Para mayor informaci\u00f3n, en<a href=\"http:\/\/www.mendoza.gov.ar\/prensa\/vacunacion-antigripal-2022\/\"> www.mendoza.gov.ar\/prensa\/vacunacion-antigripal-2022\/<\/a><\/span><\/p>\n<h4 style=\"text-align: center;\"><span style=\"color: #000000;\"><strong>Sedes de vacunaci\u00f3n en la provincia por departamento<\/strong><\/span><\/h4>\n<h4><span style=\"color: #000000;\"><strong>Regi\u00f3n Sur<\/strong><\/span><\/h4>\n<p><span style=\"color: #000000;\"><strong>General Alvear<\/strong><\/span><br \/>\n<span style=\"color: #000000;\"><strong>Hospital Enfermeros Argentinos.<\/strong><\/span><br \/>\n<span style=\"color: #000000;\"><strong>Direcci\u00f3n: Emilio Civit S\/N.<\/strong><\/span><\/p>\n<p><span style=\"color: #000000;\">Malarg\u00fce<\/span><br \/>\n<span style=\"color: #000000;\">Polideportivo de Malarg\u00fce.<\/span><br \/>\n<span style=\"color: #000000;\">Direcci\u00f3n: Esquivel Aldao y Capdeville.<\/span><br \/>\n<span style=\"color: #000000;\">Vacunatorio del Hospital de Malarg\u00fce<\/span><\/p>\n<p><span style=\"color: #000000;\">San Rafael<\/span><br \/>\n<span style=\"color: #000000;\">Vacunatorio Central en San Rafael.<\/span><br \/>\n<span style=\"color: #000000;\">Direcci\u00f3n: Maza 431, Ciudad.<\/span><\/p>\n<h4><span style=\"color: #000000;\"><strong>Zona Norte<\/strong><\/span><\/h4>\n<p><span style=\"color: #000000;\">Capital<\/span><\/p>\n<ul>\n<li><span style=\"color: #000000;\">Federaci\u00f3n de Box. Direcci\u00f3n: Av. Bartolom\u00e9 Mitre 1771, Ciudad.<\/span><\/li>\n<\/ul>\n<p><span style=\"color: #000000;\">Godoy Cruz<\/span><\/p>\n<ul>\n<li><span style=\"color: #000000;\">Estaci\u00f3n Benegas. Direcci\u00f3n: Ruta Panamericana y Av. del Trabajo. Se entra al predio por Av. del Trabajo.<\/span><\/li>\n<\/ul>\n<p><span style=\"color: #000000;\">Guaymall\u00e9n<\/span><\/p>\n<ul>\n<li><span style=\"color: #000000;\">Le Parc. Direcci\u00f3n: Mitre y Godoy Cruz, Av. Mitre S\/N<\/span><\/li>\n<\/ul>\n<p><span style=\"color: #000000;\">Las Heras<\/span><\/p>\n<ul>\n<li><span style=\"color: #000000;\">Polideportivo Polimeni. Direcci\u00f3n: General Julio Argentino Roca 401.<\/span><\/li>\n<\/ul>\n<p><span style=\"color: #000000;\">Lavalle<\/span><\/p>\n<ul>\n<li><span style=\"color: #000000;\">Polideportivo. Direcci\u00f3n: Remedios Escalada y San Mart\u00edn.<\/span><\/li>\n<\/ul>\n<p><span style=\"color: #000000;\">Luj\u00e1n de Cuyo<\/span><br \/>\n<span style=\"color: #000000;\">Consultorios externos.<\/span><br \/>\n<span style=\"color: #000000;\">Direcci\u00f3n: Acceso Sur y Quintana.<\/span><\/p>\n<p><span style=\"color: #000000;\">Maip\u00fa<\/span><br \/>\n<span style=\"color: #000000;\">Polideportivo Juan Domingo Ribosqui.<\/span><br \/>\n<span style=\"color: #000000;\">Direcci\u00f3n: Maza y Emilio Civit.<\/span><\/p>\n<h4><span style=\"color: #000000;\"><strong>Zona Este<\/strong><\/span><\/h4>\n<p><span style=\"color: #000000;\">Jun\u00edn<\/span><br \/>\n<span style=\"color: #000000;\">Polideportivo N\u00ba 1.<\/span><br \/>\n<span style=\"color: #000000;\">Direcci\u00f3n: San Mart\u00edn 15.<\/span><\/p>\n<p><span style=\"color: #000000;\">La Paz<\/span><br \/>\n<span style=\"color: #000000;\">Hospital La Paz.<\/span><br \/>\n<span style=\"color: #000000;\">Direcci\u00f3n: General Paz 2371.<\/span><\/p>\n<p><span style=\"color: #000000;\">Rivadavia<\/span><br \/>\n<span style=\"color: #000000;\">Sede Club De D\u00eda Municipal \u201cDo\u00f1a Francisca Jahan\u201d.<\/span><br \/>\n<span style=\"color: #000000;\">Direcci\u00f3n: Ruta 62 S\/N.<\/span><\/p>\n<p><span style=\"color: #000000;\">Santa Rosa<\/span><br \/>\n<span style=\"color: #000000;\">Hospital Fernando Arenas Raffo.<\/span><br \/>\n<span style=\"color: #000000;\">Direcci\u00f3n: Avenida San Mart\u00edn 643, Villa Cabecera.<\/span><\/p>\n<p><span style=\"color: #000000;\">San Mart\u00edn<\/span><br \/>\n<span style=\"color: #000000;\">Polideportivo Municipal Gustavo Torito Rodr\u00edguez.<\/span><br \/>\n<span style=\"color: #000000;\">Direcci\u00f3n: Av. Eva Duarte de Per\u00f3n S\/N.<\/span><\/p>\n<h4><span style=\"color: #000000;\"><strong>Zona Valle de Uco<\/strong><\/span><\/h4>\n<p><span style=\"color: #000000;\">San Carlos<\/span><br \/>\n<span style=\"color: #000000;\">Hospital Tagarelli.<\/span><br \/>\n<span style=\"color: #000000;\">Direcci\u00f3n: Direcci\u00f3n: Constituci\u00f3n S\/N, Eugenio Bustos.<\/span><\/p>\n<p><span style=\"color: #000000;\">Tunuy\u00e1n<\/span><br \/>\n<span style=\"color: #000000;\">Sede del Tiro Club.<\/span><br \/>\n<span style=\"color: #000000;\">Direcci\u00f3n: El\u00edas Villanueva 44.<\/span><\/p>\n<p><span style=\"color: #000000;\">Tupungato<\/span><br \/>\n<span style=\"color: #000000;\">Hotel Turismo de Tupungato.<\/span><br \/>\n<span style=\"color: #000000;\">Direcci\u00f3n: Belgrano 1060.<\/span><\/p>\n","protected":false},"excerpt":{"rendered":"<p>El Ministerio de Salud, Desarrollo Social y Deportes informa que a partir del jueves, 7 de abril, se comenzar\u00e1 a vacunar &#8230;<\/p>\n","protected":false},"author":8,"featured_media":96666,"comment_status":"open","ping_status":"open","sticky":false,"template":"","format":"standard","meta":{"footnotes":""},"categories":[5,15],"tags":[],"class_list":["post-107257","post","type-post","status-publish","format-standard","has-post-thumbnail","hentry","category-actualidad","category-salud"],"_links":{"self":[{"href":"https:\/\/vinasfm.com\/noticias\/wp-json\/wp\/v2\/posts\/107257","targetHints":{"allow":["GET"]}}],"collection":[{"href":"https:\/\/vinasfm.com\/noticias\/wp-json\/wp\/v2\/posts"}],"about":[{"href":"https:\/\/vinasfm.com\/noticias\/wp-json\/wp\/v2\/types\/post"}],"author":[{"embeddable":true,"href":"https:\/\/vinasfm.com\/noticias\/wp-json\/wp\/v2\/users\/8"}],"replies":[{"embeddable":true,"href":"https:\/\/vinasfm.com\/noticias\/wp-json\/wp\/v2\/comments?post=107257"}],"version-history":[{"count":1,"href":"https:\/\/vinasfm.com\/noticias\/wp-json\/wp\/v2\/posts\/107257\/revisions"}],"predecessor-version":[{"id":107263,"href":"https:\/\/vinasfm.com\/noticias\/wp-json\/wp\/v2\/posts\/107257\/revisions\/107263"}],"wp:featuredmedia":[{"embeddable":true,"href":"https:\/\/vinasfm.com\/noticias\/wp-json\/wp\/v2\/media\/96666"}],"wp:attachment":[{"href":"https:\/\/vinasfm.com\/noticias\/wp-json\/wp\/v2\/media?parent=107257"}],"wp:term":[{"taxonomy":"category","embeddable":true,"href":"https:\/\/vinasfm.com\/noticias\/wp-json\/wp\/v2\/categories?post=107257"},{"taxonomy":"post_tag","embeddable":true,"href":"https:\/\/vinasfm.com\/noticias\/wp-json\/wp\/v2\/tags?post=107257"}],"curies":[{"name":"wp","href":"https:\/\/api.w.org\/{rel}","templated":true}]}}