{"id":107165,"date":"2022-04-04T10:21:16","date_gmt":"2022-04-04T13:21:16","guid":{"rendered":"http:\/\/vinasfm.com\/noticias\/?p=107165"},"modified":"2022-04-05T10:30:13","modified_gmt":"2022-04-05T13:30:13","slug":"asi-estara-el-tiempo-en-alvear-para-esta-semana","status":"publish","type":"post","link":"https:\/\/vinasfm.com\/noticias\/asi-estara-el-tiempo-en-alvear-para-esta-semana\/","title":{"rendered":"AS\u00cd ESTAR\u00c1 EL TIEMPO EN ALVEAR DURANTE ESTA SEMANA"},"content":{"rendered":"<h4><span style=\"color: #000000;\"><strong>Comenzamos la semana con cielo despejado, con un leve ascenso de la temperatura por horas de la tarde y sin pronostico de precipitaciones para esta semana. M\u00e1ximas de 30\u00baC y m\u00ednimas de 8\u00baC.<\/strong><\/span><\/h4>\n<p><span style=\"color: #000000;\"><em><strong>Hoy lunes<\/strong><\/em>, tendremos cielo con leve ascenso de la temperatura, cielo con poca nubosidad y vientos leves.<strong><em> M\u00e1xima de 25\u00baC, m\u00ednima de 8\u00baC.<\/em><\/strong><\/span><\/p>\n<p><span style=\"color: #000000;\">Para <em><strong>ma\u00f1ana martes<\/strong><\/em>, tendremos buenos ascenso de la temperatura, cielo poco nubosidad y vientos leves del noreste. <em><strong>M\u00e1xima de 28\u00baC, m\u00ednima de 11\u00baC.<\/strong><\/em><\/span><\/p>\n<p><span style=\"color: #000000;\"><em><strong>A mitad de semana<\/strong><\/em>, seguir\u00e1n en ascenso las temperaturas tarde c\u00e1lida, cielo con poca nubosidad y vientos leves del noreste. <em><strong>M\u00e1xima de 30\u00baC, m\u00ednima de 14\u00baC.<\/strong><\/em><\/span><\/p>\n<p><span style=\"color: #000000;\">Para el d\u00eda de<em><strong> jueves<\/strong><\/em>, cielo con algo nubosidad, vientos del sector sur e inestabilidad por la noche.<em><strong> M\u00e1xima de 29\u00baC, m\u00ednimas de 15\u00baC.<\/strong><\/em><\/span><\/p>\n<p><span style=\"color: #000000;\"><em><strong>Terminando la semana<\/strong><\/em>, cielo con nubosidad variable con tormentas aisladas y descenso de la temperatura, vientos moderados del sudeste.<em><strong> M\u00e1xima de 27\u00baC, m\u00ednima de 15\u00baC.<\/strong><\/em><\/span><\/p>\n<p>&nbsp;<\/p>\n","protected":false},"excerpt":{"rendered":"<p>Comenzamos la semana con cielo despejado, con un leve ascenso de la temperatura por horas de la tarde y sin pronostico &#8230;<\/p>\n","protected":false},"author":7,"featured_media":53566,"comment_status":"open","ping_status":"open","sticky":false,"template":"","format":"standard","meta":{"footnotes":""},"categories":[5,36],"tags":[],"class_list":["post-107165","post","type-post","status-publish","format-standard","has-post-thumbnail","hentry","category-actualidad","category-pronostico"],"_links":{"self":[{"href":"https:\/\/vinasfm.com\/noticias\/wp-json\/wp\/v2\/posts\/107165","targetHints":{"allow":["GET"]}}],"collection":[{"href":"https:\/\/vinasfm.com\/noticias\/wp-json\/wp\/v2\/posts"}],"about":[{"href":"https:\/\/vinasfm.com\/noticias\/wp-json\/wp\/v2\/types\/post"}],"author":[{"embeddable":true,"href":"https:\/\/vinasfm.com\/noticias\/wp-json\/wp\/v2\/users\/7"}],"replies":[{"embeddable":true,"href":"https:\/\/vinasfm.com\/noticias\/wp-json\/wp\/v2\/comments?post=107165"}],"version-history":[{"count":2,"href":"https:\/\/vinasfm.com\/noticias\/wp-json\/wp\/v2\/posts\/107165\/revisions"}],"predecessor-version":[{"id":107177,"href":"https:\/\/vinasfm.com\/noticias\/wp-json\/wp\/v2\/posts\/107165\/revisions\/107177"}],"wp:featuredmedia":[{"embeddable":true,"href":"https:\/\/vinasfm.com\/noticias\/wp-json\/wp\/v2\/media\/53566"}],"wp:attachment":[{"href":"https:\/\/vinasfm.com\/noticias\/wp-json\/wp\/v2\/media?parent=107165"}],"wp:term":[{"taxonomy":"category","embeddable":true,"href":"https:\/\/vinasfm.com\/noticias\/wp-json\/wp\/v2\/categories?post=107165"},{"taxonomy":"post_tag","embeddable":true,"href":"https:\/\/vinasfm.com\/noticias\/wp-json\/wp\/v2\/tags?post=107165"}],"curies":[{"name":"wp","href":"https:\/\/api.w.org\/{rel}","templated":true}]}}