{"id":107158,"date":"2022-04-04T09:33:21","date_gmt":"2022-04-04T12:33:21","guid":{"rendered":"http:\/\/vinasfm.com\/noticias\/?p=107158"},"modified":"2022-04-04T11:02:59","modified_gmt":"2022-04-04T14:02:59","slug":"suarez-anticipo-que-si-el-laudo-por-portezuelo-es-desfavorable-los-fondos-tendran-otro-destino","status":"publish","type":"post","link":"https:\/\/vinasfm.com\/noticias\/suarez-anticipo-que-si-el-laudo-por-portezuelo-es-desfavorable-los-fondos-tendran-otro-destino\/","title":{"rendered":"SU\u00c1REZ ANTICIP\u00d3 QUE SI EL LAUDO POR PORTEZUELO ES DESFAVORABLE LOS FONDOS TENDR\u00c1N OTRO DESTINO"},"content":{"rendered":"<article class=\"article-body first\">\n<div class=\"article-content\">\n<div class=\"cuerpo\" data-twitter-link=\"\">\n<p><span style=\"color: #000000;\">La realizaci\u00f3n o no de la megaobra de\u00a0<strong>Portezuelo del Viento\u00a0<\/strong>vive horas trascendentes.\u00a0La semana pasada los legisladores nacionales del peronismo mendocino llevaron a la Naci\u00f3n una carta de la C\u00e1mara de Comercio de Malarg\u00fce y del intendente de ese departamento, Juan Manuel Ojeda.\u00a0Esta semana, el gobernador\u00a0<a class=\"agrupador\" style=\"color: #000000;\" href=\"https:\/\/www.diariouno.com.ar\/tags\/rodolfo-suarez\" rel=\"721\">Rodolfo Suarez<\/a>\u00a0viajar\u00e1 a Buenos Aires para presentar otro escrito, pero ya adelant\u00f3 que si el fallo del\u00a0<strong>laudo presidencial<\/strong> es desfavorable, el dinero de la megaobra del Sur ser\u00e1 destinado a otro proyectos productivos.<\/span><\/p>\n<\/div>\n<\/div>\n<\/article>\n<article class=\"article-body\">\n<div class=\"article-content\">\n<div class=\"cuerpo\" data-twitter-link=\"\">\n<p><span style=\"color: #000000;\">\u00abEste lunes viajo a Buenos Aires -dijo Suarez a los periodistas- a presentar un escrito que est\u00e1 dentro del procedimiento previsto y que ten\u00edamos que hace dentro de los 15 d\u00edas de pedido el laudo\u00bb.<\/span><\/p>\n<\/div>\n<\/div>\n<\/article>\n<article class=\"article-body third-p\">\n<div class=\"article-content\">\n<div class=\"cuerpo\" data-twitter-link=\"\">\n<p><span style=\"color: #000000;\">Suarez a\u00f1adi\u00f3: \u00abVamos a llevar todos nuestros argumentos para que el Presidente laude\u00bb.<\/span><\/p>\n<p><span style=\"color: #000000;\">Con referencia a la acci\u00f3n de los legisladores nacional del peronismo mendocino que le llevaron al ministro del Interior, Wado de Pedro, un documento dirigido a Alberto Fern\u00e1ndez,, elaborado en Malarg\u00fce, el titular del Ejecutivo se mostr\u00f3 conforme aunque sin referirse espec\u00edficamente a quienes hicieron llegar la carta a la Naci\u00f3n: \u00abMe parece bien que se sumen todas las voces de los mendocinos. Ojal\u00e1 tengamos un fallo favorable\u00bb.<\/span><\/p>\n<p><span style=\"color: #000000;\">Inmediatamente Suarez advirti\u00f3: \u00abSi no tenemos un fallo favorable, porque el Presidente toma en cuenta los argumentos de las otras provincias, nosotros inmediatamente esa plata que tenemos y estamos cuidando, que es de mendocinos y mendocinas, tenemos que volcarla de manera urgente en la productividad de Mendoza, para generar empleo. En eso estamos trabajando y pensando\u201d.<\/span><\/p>\n<h4><strong><span style=\"color: #000000;\">M\u00e1s de 370 millones de d\u00f3lares<\/span><\/strong><\/h4>\n<p><span style=\"color: #000000;\">Mendoza recibi\u00f3 de la Naci\u00f3n. el d\u00e9cimo desembolso de fondos por m\u00e1s de U$S 52 millones el \u00falitmo 28 de enero. Con esta transferencia, la Provincia acumula U$S 371.562.375 en el fideicomiso constituido para la construcci\u00f3n de la central hidroel\u00e9ctrica y obras anexas.<\/span><\/p>\n<p><span style=\"color: #000000;\">El \u00faltimo dep\u00f3sito que ingres\u00f3 a las arcas provinciales fue de U$S 52.759.046, de un total de U$S 1.023.362.922 que le corresponde leg\u00edtimamente recibir a Mendoza, en pagos trimestrales, hasta octubre de 2024. El pr\u00f3ximo vencimiento de la Letra del Tesoro emitida por el Gobierno nacional se producir\u00e1 el 28 de abril, fecha en la que se har\u00eda efectivo el segundo pago de 2022, por U$S 50.787.785.<\/span><\/p>\n<h4><strong><span style=\"color: #000000;\">Otro conflicto con La Pampa<\/span><\/strong><\/h4>\n<p><span style=\"color: #000000;\"><strong>El debate por el volumen de agua que escurre desde Mendoza a La Pampa por el r\u00edo Atuel sum\u00f3 otro cap\u00edtulo a la relaci\u00f3n entre las dos provincias.<\/strong><\/span><\/p>\n<p><span style=\"color: #000000;\">En la semana que termina se supo que por pedido de la Naci\u00f3n, se instalaron estaciones hidrom\u00e9tricas -medidores de caudal- y que, por ahora, determinan que la provincia no cumple con el m\u00ednimo que exige la Corte Suprema de Justicia. En el Gobierno provincial aseguran que imposible enviar esa cantidad.<\/span><\/p>\n<p><span style=\"color: #000000;\"><strong>La aplicaci\u00f3n de medidores fue una exigencia expresa de la Naci\u00f3n\u00a0<\/strong>y comenz\u00f3 hace menos de un mes. Gustavo Villa Ur\u00eda, el subsecretario de Obras Hidr\u00e1ulicas que responde al ministro Gabriel Katopodis, fue quien pidi\u00f3 que las herramientas\u00a0<strong>se apliquen en el l\u00edmite con La Pampa para determinar exactamente el escurrimiento actual,<\/strong>\u00a0una cifra que en Mendoza afirman no conocer concretamente.<\/span><\/p>\n<p><span style=\"color: #000000;\"><strong>En 2020, el m\u00e1ximo tribunal impuso que la provincia debe escurrir un m\u00ednimo de 3.2 metros c\u00fabicos por segundo<\/strong>\u00a0de agua a La Pampa. La decisi\u00f3n fue un punto medio entre los 1.5 y los 4.5 m2 que propon\u00edan ambas partes.\u00a0<strong>En Mendoza afirman que es imposible llegar a esos niveles por la cr\u00edtica situaci\u00f3n de las lluvias y la dificultad para llenar embalses.\u00a0<\/strong>En esos fallos, los supremos\u00a0<strong>tambi\u00e9n obligaron a ambas jurisdicciones a trabajar en conjunto<\/strong>\u00a0para garantizar la m\u00e1xima explotaci\u00f3n posible del recurso.<\/span><\/p>\n<\/div>\n<\/div>\n<\/article>\n","protected":false},"excerpt":{"rendered":"<p>La realizaci\u00f3n o no de la megaobra de\u00a0Portezuelo del Viento\u00a0vive horas trascendentes.\u00a0La semana pasada los legisladores nacionales del peronismo mendocino llevaron &#8230;<\/p>\n","protected":false},"author":8,"featured_media":70742,"comment_status":"open","ping_status":"open","sticky":false,"template":"","format":"standard","meta":{"footnotes":""},"categories":[5,61],"tags":[],"class_list":["post-107158","post","type-post","status-publish","format-standard","has-post-thumbnail","hentry","category-actualidad","category-portezuelo-del-viento"],"_links":{"self":[{"href":"https:\/\/vinasfm.com\/noticias\/wp-json\/wp\/v2\/posts\/107158","targetHints":{"allow":["GET"]}}],"collection":[{"href":"https:\/\/vinasfm.com\/noticias\/wp-json\/wp\/v2\/posts"}],"about":[{"href":"https:\/\/vinasfm.com\/noticias\/wp-json\/wp\/v2\/types\/post"}],"author":[{"embeddable":true,"href":"https:\/\/vinasfm.com\/noticias\/wp-json\/wp\/v2\/users\/8"}],"replies":[{"embeddable":true,"href":"https:\/\/vinasfm.com\/noticias\/wp-json\/wp\/v2\/comments?post=107158"}],"version-history":[{"count":4,"href":"https:\/\/vinasfm.com\/noticias\/wp-json\/wp\/v2\/posts\/107158\/revisions"}],"predecessor-version":[{"id":107182,"href":"https:\/\/vinasfm.com\/noticias\/wp-json\/wp\/v2\/posts\/107158\/revisions\/107182"}],"wp:featuredmedia":[{"embeddable":true,"href":"https:\/\/vinasfm.com\/noticias\/wp-json\/wp\/v2\/media\/70742"}],"wp:attachment":[{"href":"https:\/\/vinasfm.com\/noticias\/wp-json\/wp\/v2\/media?parent=107158"}],"wp:term":[{"taxonomy":"category","embeddable":true,"href":"https:\/\/vinasfm.com\/noticias\/wp-json\/wp\/v2\/categories?post=107158"},{"taxonomy":"post_tag","embeddable":true,"href":"https:\/\/vinasfm.com\/noticias\/wp-json\/wp\/v2\/tags?post=107158"}],"curies":[{"name":"wp","href":"https:\/\/api.w.org\/{rel}","templated":true}]}}