{"id":107146,"date":"2022-04-04T10:00:10","date_gmt":"2022-04-04T13:00:10","guid":{"rendered":"http:\/\/vinasfm.com\/noticias\/?p=107146"},"modified":"2022-04-05T09:53:47","modified_gmt":"2022-04-05T12:53:47","slug":"alvear-rindio-homenaje-a-los-veteranos-y-caidos-en-malvinas","status":"publish","type":"post","link":"https:\/\/vinasfm.com\/noticias\/alvear-rindio-homenaje-a-los-veteranos-y-caidos-en-malvinas\/","title":{"rendered":"ALVEAR RINDI\u00d3 HOMENAJE A LOS VETERANOS Y CA\u00cdDOS EN MALVINAS"},"content":{"rendered":"<h4><span style=\"color: #000000;\"><strong>En un emotivo acto oficial, y uno de los m\u00e1s convocantes, que se realiz\u00f3 en la Plazoleta Malvinas, se rindi\u00f3 homenaje a los veteranos y ca\u00eddos, a 40 a\u00f1os de esta gesta.<\/strong><\/span><\/h4>\n<p><span style=\"color: #000000;\"><strong>General Alvear es Ciudad Malvinera<\/strong>, as\u00ed fue declarado recientemente por el Concejo Deliberante, pero tambi\u00e9n se demuestra en cada paso y acci\u00f3n que se realiza en el departamento para recordar esta gran gesta, rindiendo homenaje a todos los veteranos y ca\u00eddos en la guerra de Malvinas. Por eso, a 40 a\u00f1os de esta guerra, es que en la ma\u00f1ana de este s\u00e1bado se rindi\u00f3 homenaje a todos aquellos hombres que pelearon: \u201c<strong><em>Hoy es un d\u00eda glorioso, porque hace 40 a\u00f1os nos despert\u00e1bamos con la noticia de que Malvinas, la hermanita perdida, volv\u00eda a casa. Y fue as\u00ed que nosotros, quienes fuimos soldados, nos prepar\u00e1bamos para defender ese pedacito de tierra<\/em><\/strong>\u201d dijo el H\u00e9roe de Malvinas Ricardo Chiapa, recordando c\u00f3mo se vivi\u00f3 ese momento hist\u00f3rico.<\/span><\/p>\n<div id=\"attachment_107148\" style=\"width: 300px\" class=\"wp-caption alignleft\"><a href=\"http:\/\/vinasfm.com\/noticias\/wp-content\/uploads\/2022\/04\/Acto-Malvinas-5.jpeg\"><img loading=\"lazy\" decoding=\"async\" aria-describedby=\"caption-attachment-107148\" class=\"size-medium wp-image-107148\" src=\"http:\/\/vinasfm.com\/noticias\/wp-content\/uploads\/2022\/04\/Acto-Malvinas-5-300x200.jpeg\" alt=\"\" width=\"300\" height=\"200\" srcset=\"https:\/\/vinasfm.com\/noticias\/wp-content\/uploads\/2022\/04\/Acto-Malvinas-5-300x200.jpeg 300w, https:\/\/vinasfm.com\/noticias\/wp-content\/uploads\/2022\/04\/Acto-Malvinas-5-768x512.jpeg 768w, https:\/\/vinasfm.com\/noticias\/wp-content\/uploads\/2022\/04\/Acto-Malvinas-5.jpeg 1024w\" sizes=\"auto, (max-width: 300px) 100vw, 300px\" \/><\/a><p id=\"caption-attachment-107148\" class=\"wp-caption-text\">Acto en la plazoleta Malvinas.<\/p><\/div>\n<p><span style=\"color: #000000;\">\u201c<strong><em>No solo luchamos contra los enemigos que nos disparaban, sino tambi\u00e9n contra el fr\u00edo y la lluvia, y no vi ni un soldado retroceder, al contrario, siempre avanzando, luchando por la Patria sin temer en la muerte. Fue as\u00ed que muchos cayeron, soldados que no volvieron, que no pudieron formar una familia, madres que se quedaron sin sus hijos. Por eso, ese sacrificio nos obliga a no olvidar<\/em><\/strong>\u201d manifest\u00f3 emocionado Chiapa.<\/span><\/p>\n<p><span style=\"color: #000000;\">Es de destacar que el acto por los 40 a\u00f1os de Malvinas, fue uno de los m\u00e1s convocantes de los \u00faltimos a\u00f1os, con la participaci\u00f3n de un gran n\u00famero de vecinos que se acercaron a rendir honor a nuestros h\u00e9roes.<\/span><\/p>\n<p><span style=\"color: #000000;\">Por su parte, el intendente Walther Marcolini, tambi\u00e9n se refiri\u00f3 a esta gesta, realizando un pormenorizado repaso por los hechos hist\u00f3ricos que hoy recordamos y por los que nuestra bandera, celeste y blanca, flamea en los m\u00e1s alto: \u201c<strong><em>En esta fecha estamos recordando a los ca\u00eddos en Malvinas, a sus familias, a los veteranos y veteranas de guerra. Permitanme recordar que de esos 649 argentinos que dieron su vida para defender la Patria, 15 eran mendocinos y dos eran alvearenses, Miguel Escudero y Dante Faur<\/em><\/strong>\u201d.<\/span><\/p>\n<p><span style=\"color: #000000;\">Los homenajes continuaron en la tarde este s\u00e1bado pasado, a partir de las 18 hs se realiz\u00f3 el ciclo \u201c<strong><em>Tardecitas de Mercado<\/em><\/strong>\u201d en donde se presentaron Las Voces del Atuel, Academia de danzas folkl\u00f3ricas Amanecer Cuyano y hubo una exposici\u00f3n del Museo de la Guerra de Malvinas. Adem\u00e1s, los presentes pudieron dejar su huella en un mapa de las Islas, intervenido por la artista Sonia Torres &#8211; \u00abLas Malvinas, nuestra identidad\u00bb<\/span><\/p>\n","protected":false},"excerpt":{"rendered":"<p>En un emotivo acto oficial, y uno de los m\u00e1s convocantes, que se realiz\u00f3 en la Plazoleta Malvinas, se rindi\u00f3 homenaje &#8230;<\/p>\n","protected":false},"author":8,"featured_media":107147,"comment_status":"open","ping_status":"open","sticky":false,"template":"","format":"standard","meta":{"footnotes":""},"categories":[5,10],"tags":[],"class_list":["post-107146","post","type-post","status-publish","format-standard","has-post-thumbnail","hentry","category-actualidad","category-destacadas"],"_links":{"self":[{"href":"https:\/\/vinasfm.com\/noticias\/wp-json\/wp\/v2\/posts\/107146","targetHints":{"allow":["GET"]}}],"collection":[{"href":"https:\/\/vinasfm.com\/noticias\/wp-json\/wp\/v2\/posts"}],"about":[{"href":"https:\/\/vinasfm.com\/noticias\/wp-json\/wp\/v2\/types\/post"}],"author":[{"embeddable":true,"href":"https:\/\/vinasfm.com\/noticias\/wp-json\/wp\/v2\/users\/8"}],"replies":[{"embeddable":true,"href":"https:\/\/vinasfm.com\/noticias\/wp-json\/wp\/v2\/comments?post=107146"}],"version-history":[{"count":1,"href":"https:\/\/vinasfm.com\/noticias\/wp-json\/wp\/v2\/posts\/107146\/revisions"}],"predecessor-version":[{"id":107149,"href":"https:\/\/vinasfm.com\/noticias\/wp-json\/wp\/v2\/posts\/107146\/revisions\/107149"}],"wp:featuredmedia":[{"embeddable":true,"href":"https:\/\/vinasfm.com\/noticias\/wp-json\/wp\/v2\/media\/107147"}],"wp:attachment":[{"href":"https:\/\/vinasfm.com\/noticias\/wp-json\/wp\/v2\/media?parent=107146"}],"wp:term":[{"taxonomy":"category","embeddable":true,"href":"https:\/\/vinasfm.com\/noticias\/wp-json\/wp\/v2\/categories?post=107146"},{"taxonomy":"post_tag","embeddable":true,"href":"https:\/\/vinasfm.com\/noticias\/wp-json\/wp\/v2\/tags?post=107146"}],"curies":[{"name":"wp","href":"https:\/\/api.w.org\/{rel}","templated":true}]}}