{"id":107138,"date":"2022-04-04T23:57:50","date_gmt":"2022-04-05T02:57:50","guid":{"rendered":"http:\/\/vinasfm.com\/noticias\/?p=107138"},"modified":"2022-04-06T10:29:11","modified_gmt":"2022-04-06T13:29:11","slug":"emiliano-contreras-se-quedo-con-la-22-vuelta-ciclistica-de-general-alvear","status":"publish","type":"post","link":"https:\/\/vinasfm.com\/noticias\/emiliano-contreras-se-quedo-con-la-22-vuelta-ciclistica-de-general-alvear\/","title":{"rendered":"EMILIANO CONTRERAS SE QUED\u00d3 CON LA 22\u00b0 VUELTA CICL\u00cdSTICA DE GENERAL ALVEAR"},"content":{"rendered":"<h4><span style=\"color: #000000;\"><strong>Este domingo finaliz\u00f3 una gran edici\u00f3n de la Vuelta de Alvear, que tras varios a\u00f1os, volvi\u00f3 a quedar en nuestro departamento luego de que Emiliano Contreras, del MV Team, se subiera al podio. El segundo lugar fue para Iv\u00e1n Ru\u00edz, del MV Team, y el tercer puesto para Mart\u00edn Gonz\u00e1lez, de Fas Electricidad.<\/strong><\/span><\/h4>\n<p><span style=\"color: #000000;\">Alvear vivi\u00f3 d\u00edas de extrema emoci\u00f3n, con <strong>145 pedalistas de todo el pa\u00eds<\/strong>, que dejaron el coraz\u00f3n en cada una de las etapas que conformaron la <strong>22\u00ba edici\u00f3n de la Vuelta de Alvear<\/strong>. En esta ocasi\u00f3n, y luego de varios a\u00f1os, el primer lugar fue para un equipo alvearense: el <strong>MV Team Servicios El\u00e9ctricos<\/strong>, que tuvo una gran performance en cada una de las etapas, logrando hacer podio en el Pr\u00f3logo y en las tres primeras etapas.<\/span><\/p>\n<p><span style=\"color: #000000;\">La <strong>cuarta etapa<\/strong> recorri\u00f3 la Avenida Alvear Oeste, calle Santa Fe, Avenida Libertador Sur, Avenida Libertador Norte, calle G, Agust\u00edn \u00c1lvarez, Uspallata y Libertador Norte. Este recorrido se repetir\u00e1 en 10 ocasiones, dando un total de 114 km aproximadamente. <\/span><\/p>\n<p><span style=\"color: #000000;\"><strong>El ganador fue Rolando Navarrete, de Fas Electricidad, segundo Pablo Brun, de Tiziano Competici\u00f3n A, y tercero Juan Sosa, de Colorshop<\/strong>. Navarrete se mostr\u00f3 muy satisfecho por lo conseguido y destac\u00f3 la organizaci\u00f3n de esta Vuelta de Alvear: \u201c<strong><em>Estoy muy contento de poder cerrar este triunfo y lograr que Mart\u00edn Gonz\u00e1lez, que es de nuestro equipo pueda haber entrado al podio. Ahora nos toca seguir entrenando ya que se viene el Campeonato Argentino y tenemos chances de estar en el Panamericano representando a la Argentina<\/em><\/strong>\u201d.<\/span><\/p>\n<p><span style=\"color: #000000;\">Esta edici\u00f3n de la Vuelta de Alvear tuvo grandes emociones en cada una de las etapas, que recorrieron cada rinc\u00f3n del departamento, desde Ciudad, pasando por Bowen, Carmensa y Alvear Oeste. En este sentido el <strong>intendente Walther Marcolini<\/strong> manifest\u00f3 su contento, felicit\u00f3 a la Asociaci\u00f3n Alvearense de Ciclismo por la organizaci\u00f3n y a la Direcci\u00f3n de Deportes: \u201c<strong><em>Tenemos un r\u00e9cord de 145 ciclistas inscriptos de todas las provincias, con equipos muy profesionales y competitivos, adem\u00e1s de un p\u00fablico extraordinario, porque es muy positivo para los corredores sentirse acompa\u00f1ados por la sociedad. Cada evento deportivo cuenta con este respaldo de la comunidad, por eso esperamos que General Alvear se consolide como una plaza del deporte a nivel pa\u00eds, que en ciclismo es muy fuerte, dado que llegan equipos de afuera, lo que promueve el turismo y la gastronom\u00eda local<\/em><\/strong>\u201d.<\/span><\/p>\n<p><span style=\"color: #000000;\">El <strong>Director de Deportes, Jorge P\u00e1ez<\/strong>, hizo hincapi\u00e9 en la cantidad de ciclistas que recorrieron las calles de Alvear: \u201c<strong><em>Esta fue la Vuelta de Alvear m\u00e1s numerosa en la historia, y adem\u00e1s fue especial porque fue en homenaje a los h\u00e9roes de Malvinas. Estamos concluyendo con una gran etapa, pero lo lindo es que recorrimos todos los distritos y que la gente acompa\u00f1\u00f3 en cada una de las etapas, aplaudiendo a los corredores que se llevan un gran recuerdo de nuestro departamento\u00bb<\/em><\/strong>.<\/span><\/p>\n<p><span style=\"color: #000000;\">Con mucha emoci\u00f3n por haber conclu\u00eddo una nueva Vuelta de Alvear, <strong>Miguel L\u00f3pez, Presidente de la Asociaci\u00f3n Alvearense de Ciclismo<\/strong>, dijo: \u201c<strong><em>Es un orgullo poder estar al frente de esta Vuelta, es el esfuerzo de todos, de la gente de Alvear, del Municipio, y de la Direcci\u00f3n de Deportes<\/em><\/strong>\u201d.<\/span><\/p>\n<p><span style=\"color: #000000;\">El <strong>ganador de la Vuelta de Alvear fue Emiliano Contreras, del MV Team, el segundo lugar para Iv\u00e1n Ru\u00edz, tambi\u00e9n del MV Team, y el tercer puesto para Mart\u00edn Gonz\u00e1lez, de Fas Electricidad<\/strong>. El ganador de esta 22\u00ba edici\u00f3n de la competencia demostr\u00f3 su alegr\u00eda, destacando que este es el giro m\u00e1s importante que ha ganado en su carrera: \u201c<strong><em>Fue una Vuelta muy linda, en ning\u00fan momento sentimos inseguridad porque siempre se corri\u00f3 en calles abiertas, en buenas condiciones y controladas por la seguridad de la competencia. Adem\u00e1s hay que destacar la presencia de tantos corredores y lo lindo que es ver a la gente cuando te recibe, con todo el color, es un lugar hermoso<\/em><\/strong>\u201d, asimismo remarc\u00f3 lo hecho por el equipo: \u201c<strong><em>Nos vamos a quedar unos d\u00edas en Alvear, porque el MV Team se ha convertido en una gran familia. Mart\u00edn comenz\u00f3 hace poco con este proyecto y gracias a Dios pudimos venir a reforzarlo, dejando en Alvear el primer y segundo puesto<\/em><\/strong>\u201d.<\/span><\/p>\n<p><span style=\"color: #000000;\">Sin dudas la revelaci\u00f3n de esta Vuelta de Alvear fue el MV Team Servicios El\u00e9ctricos, liderado por Adri\u00e1n Ch\u00e1vez y Mart\u00edn Villegas, quienes dieron todo para que esta competencia quede en General Alvear, as\u00ed lo manifest\u00f3 Villegas: \u201c<strong><em>Naci\u00f3 en una salida a pedalear con Adri\u00e1n, empezamos con poquito y llegamos hasta ac\u00e1. La verdad que por mi parte lo viv\u00ed con muchos nervios porque desde enero estoy con la log\u00edstica, afinando detalles para poder representar al departamento de la mejor manera, y finalmente se pudo quedar en General Alvear<\/em><\/strong>\u201d. <\/span><\/p>\n<p><span style=\"color: #000000;\">Quien tambi\u00e9n se mostr\u00f3 exultante por haber podido dejar el premio en Alvear, fue Adri\u00e1n Ch\u00e1vez, quien dijo: \u201c<strong><em>Se nos di\u00f3 una Vuelta so\u00f1ada, desde el Pr\u00f3logo sab\u00edamos que iba a ser un \u00e9xito porque ten\u00edamos un equipo muy completo. El MV Team es una familia en la que todos colaboran, nuestros amigos y familiares, con gente que nos ordena la ropa, nos arregla las bicicletas y nos acompa\u00f1a en cada etapa, hubo mucha gente atr\u00e1s nuestro apoy\u00e1ndonos y eso fue fundamental<\/em><\/strong>\u201d.<\/span><\/p>\n","protected":false},"excerpt":{"rendered":"<p>Este domingo finaliz\u00f3 una gran edici\u00f3n de la Vuelta de Alvear, que tras varios a\u00f1os, volvi\u00f3 a quedar en nuestro departamento &#8230;<\/p>\n","protected":false},"author":8,"featured_media":107140,"comment_status":"open","ping_status":"open","sticky":false,"template":"","format":"standard","meta":{"footnotes":""},"categories":[5,3],"tags":[],"class_list":["post-107138","post","type-post","status-publish","format-standard","has-post-thumbnail","hentry","category-actualidad","category-deportes"],"_links":{"self":[{"href":"https:\/\/vinasfm.com\/noticias\/wp-json\/wp\/v2\/posts\/107138","targetHints":{"allow":["GET"]}}],"collection":[{"href":"https:\/\/vinasfm.com\/noticias\/wp-json\/wp\/v2\/posts"}],"about":[{"href":"https:\/\/vinasfm.com\/noticias\/wp-json\/wp\/v2\/types\/post"}],"author":[{"embeddable":true,"href":"https:\/\/vinasfm.com\/noticias\/wp-json\/wp\/v2\/users\/8"}],"replies":[{"embeddable":true,"href":"https:\/\/vinasfm.com\/noticias\/wp-json\/wp\/v2\/comments?post=107138"}],"version-history":[{"count":1,"href":"https:\/\/vinasfm.com\/noticias\/wp-json\/wp\/v2\/posts\/107138\/revisions"}],"predecessor-version":[{"id":107141,"href":"https:\/\/vinasfm.com\/noticias\/wp-json\/wp\/v2\/posts\/107138\/revisions\/107141"}],"wp:featuredmedia":[{"embeddable":true,"href":"https:\/\/vinasfm.com\/noticias\/wp-json\/wp\/v2\/media\/107140"}],"wp:attachment":[{"href":"https:\/\/vinasfm.com\/noticias\/wp-json\/wp\/v2\/media?parent=107138"}],"wp:term":[{"taxonomy":"category","embeddable":true,"href":"https:\/\/vinasfm.com\/noticias\/wp-json\/wp\/v2\/categories?post=107138"},{"taxonomy":"post_tag","embeddable":true,"href":"https:\/\/vinasfm.com\/noticias\/wp-json\/wp\/v2\/tags?post=107138"}],"curies":[{"name":"wp","href":"https:\/\/api.w.org\/{rel}","templated":true}]}}