{"id":107089,"date":"2022-04-02T23:20:23","date_gmt":"2022-04-03T02:20:23","guid":{"rendered":"http:\/\/vinasfm.com\/noticias\/?p=107089"},"modified":"2022-04-03T22:45:20","modified_gmt":"2022-04-04T01:45:20","slug":"mas-de-500-estudiantes-participaron-del-primer-encuentro-expectativa-joven","status":"publish","type":"post","link":"https:\/\/vinasfm.com\/noticias\/mas-de-500-estudiantes-participaron-del-primer-encuentro-expectativa-joven\/","title":{"rendered":"M\u00c1S DE 500 ESTUDIANTES PARTICIPARON DEL PRIMER ENCUENTRO &#8216;EXPECTATIVA JOVEN&#8217;"},"content":{"rendered":"<h4><span style=\"color: #000000;\"><strong>Durante la ma\u00f1ana y por la tarde de este jueves, los alumnos de quinto y sexto a\u00f1o de nivel medio, al igual que todos los j\u00f3venes interesados se han hecho presentes en el Mercado Municipal, donde diferentes \u00e1reas municipales han organizado una Expo Educativa con instituciones de nivel superior, donde adem\u00e1s se aborda el Desarrollo Integral del Mundo Joven.<\/strong><\/span><\/h4>\n<p><span style=\"color: #000000;\">La <strong>Directora de Familia Cecilia Ariet<\/strong> explic\u00f3 que &#8216;<strong><em>Expectativa Joven es un proyecto en el cual vienen trabajando hace tiempo con el objetivo de acercar, a trav\u00e9s de distintas \u00e1reas municipales el mundo a los j\u00f3venes. Interviene el \u00c1rea departamental de salud, el CPAA, Desarrollo Econ\u00f3mico, Gesti\u00f3n Ambiental, Direcci\u00f3n de Educaci\u00f3n y todas las \u00e1reas de la Direcci\u00f3n de Familia&#8217;<\/em><\/strong>. Adem\u00e1s, en este evento institutos de educaci\u00f3n superior est\u00e1n efectuando su oferta educativa a los alumnos de los \u00faltimos a\u00f1os de las escuelas del Departamento, de Real del Padre y Jaime Prats.<\/span><\/p>\n<p><span style=\"color: #000000;\">Por su parte, el Asesor de Ni\u00f1ez, Adolescencia y Juventud Daniel Quiles resalt\u00f3 que todas las escuelas han confirmado su participaci\u00f3n, inclusive las de los distritos. En el primer turno, de 8 a 10h m\u00e1s de 250 alumnos participaron del primer encuentro: \u201c<strong><em>Para ser un evento institucional ha sido descontracturado, entretenido, con un municipio presente que genera un espacio educativo, informativo, de participaci\u00f3n y escucha<\/em><\/strong>\u201d.<\/span><\/p>\n<p><span style=\"color: #000000;\">La organizaci\u00f3n se desarroll\u00f3 de forma conjunta entre la Direcci\u00f3n de Educaci\u00f3n y el \u00c1rea de Econom\u00eda Social, por lo que el equipo V4 estuvo plasmando un mural en el marco de Objetivos de Desarrollo Sostenible -ODS-, que trabaja de forma transversal con \u00e1reas del municipio. Tambi\u00e9n, artesanos y microemprendedores se han dado cita y ofrecen sus productos, para mostrar lo que potencia el municipio, concluy\u00f3 el funcionario.<\/span><\/p>\n","protected":false},"excerpt":{"rendered":"<p>Durante la ma\u00f1ana y por la tarde de este jueves, los alumnos de quinto y sexto a\u00f1o de nivel medio, al &#8230;<\/p>\n","protected":false},"author":8,"featured_media":107090,"comment_status":"open","ping_status":"open","sticky":false,"template":"","format":"standard","meta":{"footnotes":""},"categories":[5,10],"tags":[],"class_list":["post-107089","post","type-post","status-publish","format-standard","has-post-thumbnail","hentry","category-actualidad","category-destacadas"],"_links":{"self":[{"href":"https:\/\/vinasfm.com\/noticias\/wp-json\/wp\/v2\/posts\/107089","targetHints":{"allow":["GET"]}}],"collection":[{"href":"https:\/\/vinasfm.com\/noticias\/wp-json\/wp\/v2\/posts"}],"about":[{"href":"https:\/\/vinasfm.com\/noticias\/wp-json\/wp\/v2\/types\/post"}],"author":[{"embeddable":true,"href":"https:\/\/vinasfm.com\/noticias\/wp-json\/wp\/v2\/users\/8"}],"replies":[{"embeddable":true,"href":"https:\/\/vinasfm.com\/noticias\/wp-json\/wp\/v2\/comments?post=107089"}],"version-history":[{"count":1,"href":"https:\/\/vinasfm.com\/noticias\/wp-json\/wp\/v2\/posts\/107089\/revisions"}],"predecessor-version":[{"id":107091,"href":"https:\/\/vinasfm.com\/noticias\/wp-json\/wp\/v2\/posts\/107089\/revisions\/107091"}],"wp:featuredmedia":[{"embeddable":true,"href":"https:\/\/vinasfm.com\/noticias\/wp-json\/wp\/v2\/media\/107090"}],"wp:attachment":[{"href":"https:\/\/vinasfm.com\/noticias\/wp-json\/wp\/v2\/media?parent=107089"}],"wp:term":[{"taxonomy":"category","embeddable":true,"href":"https:\/\/vinasfm.com\/noticias\/wp-json\/wp\/v2\/categories?post=107089"},{"taxonomy":"post_tag","embeddable":true,"href":"https:\/\/vinasfm.com\/noticias\/wp-json\/wp\/v2\/tags?post=107089"}],"curies":[{"name":"wp","href":"https:\/\/api.w.org\/{rel}","templated":true}]}}