{"id":107039,"date":"2022-04-01T23:59:17","date_gmt":"2022-04-02T02:59:17","guid":{"rendered":"http:\/\/vinasfm.com\/noticias\/?p=107039"},"modified":"2022-04-04T10:48:06","modified_gmt":"2022-04-04T13:48:06","slug":"dos-bodegas-alvearenses-accedieron-al-fideicomiso-de-asistencia-financiera","status":"publish","type":"post","link":"https:\/\/vinasfm.com\/noticias\/dos-bodegas-alvearenses-accedieron-al-fideicomiso-de-asistencia-financiera\/","title":{"rendered":"DOS BODEGAS ALVEARENSES ACCEDIERON AL FIDEICOMISO DE ASISTENCIA FINANCIERA"},"content":{"rendered":"<h4><span style=\"color: #000000;\"><strong>En el marco del Programa de Incentivo y Apoyo a la Producci\u00f3n, se procedi\u00f3 a la firma de dos contratos de financiamiento que benefician a dos bodegas locales. Participaron referentes de las empresas vitivin\u00edcolas locales, de Mendoza Fiduciaria y el Intendente Walther Marcolini.<\/strong><\/span><\/h4>\n<p><span style=\"color: #000000;\">Se trata de contratos de financiamiento por tres millones de pesos, mediante convenio correspondiente a <strong>Mendoza Fiduciaria<\/strong>, afectados en este caso al apoyo y desarrollo industrial vitivin\u00edcola.<\/span><\/p>\n<p><span style=\"color: #000000;\">Las dos bodegas que adhirieron este presente a\u00f1o son:<strong><em> Familia Anaya<\/em><\/strong> y <strong><em>Carlos Lalik<\/em><\/strong>, quienes obtuvieron un cr\u00e9dito dentro de los fideicomisos vitivin\u00edcolas, a los que acceden por coparticipaci\u00f3n municipal de impuestos como garant\u00eda: \u201c<strong><em>De este modo, el Intendente asume la garant\u00eda con una contraprestaci\u00f3n posterior de los bodegueros a favor del municipio, que consta de un bloqueo de vino ante el INV<\/em><\/strong>\u201d, explic\u00f3 Carlos Ponce, quien adem\u00e1s manifest\u00f3 estar satisfecho porque se sum\u00f3 la Bodega Anaya.<\/span><\/p>\n<p><span style=\"color: #000000;\">El Fideicomiso de asistencia a la actividad agroindustrial de Mendoza es una herramienta que tiene una din\u00e1mica muy corta y muy eficiente, porque estamos al final de la cosecha de la uva, por lo que en t\u00e9rminos financieros es importante para las empresas del medio recibir este beneficio. \u201c<strong><em>La semana pasada firmamos un convenio para la cosecha y elaboraci\u00f3n de ciruelas, ahora se suma la actividad vitivin\u00edcola. Estoy satisfecho con las gestiones, tenemos algunas solicitudes pendientes y contamos con un monto actualizado de hasta veinte millones de pesos<\/em><\/strong>\u201d.<\/span><\/p>\n<p><span style=\"color: #000000;\">Por su parte, el empresario Daniel Anaya manifest\u00f3 su agradecimiento, porque a la industria vitivin\u00edcola, en esta \u00e9poca de molienda, nunca le alcanzan los recursos. \u201c<strong><em>Agradezco a la Municipalidad porque se hace cargo de la garant\u00eda y por la confianza que tiene en nosotros. Ojal\u00e1 que esta operatoria tenga continuidad en esta \u00e9poca tan dif\u00edcil<\/em><\/strong>\u201d. Respecto a la elaboraci\u00f3n 2.022 expres\u00f3 que la helada afect\u00f3 a las uvas tintas, por lo que va a haber un faltante que va a sufrir tanto la industria como el agricultor. \u201c<strong><em>La uva tinta que tenemos en la bodega es de excelente calidad y va a alcanzar para abastecer a nuestros clientes<\/em><\/strong>\u201d.<\/span><\/p>\n","protected":false},"excerpt":{"rendered":"<p>En el marco del Programa de Incentivo y Apoyo a la Producci\u00f3n, se procedi\u00f3 a la firma de dos contratos de &#8230;<\/p>\n","protected":false},"author":8,"featured_media":107040,"comment_status":"open","ping_status":"open","sticky":false,"template":"","format":"standard","meta":{"footnotes":""},"categories":[5,10],"tags":[],"class_list":["post-107039","post","type-post","status-publish","format-standard","has-post-thumbnail","hentry","category-actualidad","category-destacadas"],"_links":{"self":[{"href":"https:\/\/vinasfm.com\/noticias\/wp-json\/wp\/v2\/posts\/107039","targetHints":{"allow":["GET"]}}],"collection":[{"href":"https:\/\/vinasfm.com\/noticias\/wp-json\/wp\/v2\/posts"}],"about":[{"href":"https:\/\/vinasfm.com\/noticias\/wp-json\/wp\/v2\/types\/post"}],"author":[{"embeddable":true,"href":"https:\/\/vinasfm.com\/noticias\/wp-json\/wp\/v2\/users\/8"}],"replies":[{"embeddable":true,"href":"https:\/\/vinasfm.com\/noticias\/wp-json\/wp\/v2\/comments?post=107039"}],"version-history":[{"count":2,"href":"https:\/\/vinasfm.com\/noticias\/wp-json\/wp\/v2\/posts\/107039\/revisions"}],"predecessor-version":[{"id":107042,"href":"https:\/\/vinasfm.com\/noticias\/wp-json\/wp\/v2\/posts\/107039\/revisions\/107042"}],"wp:featuredmedia":[{"embeddable":true,"href":"https:\/\/vinasfm.com\/noticias\/wp-json\/wp\/v2\/media\/107040"}],"wp:attachment":[{"href":"https:\/\/vinasfm.com\/noticias\/wp-json\/wp\/v2\/media?parent=107039"}],"wp:term":[{"taxonomy":"category","embeddable":true,"href":"https:\/\/vinasfm.com\/noticias\/wp-json\/wp\/v2\/categories?post=107039"},{"taxonomy":"post_tag","embeddable":true,"href":"https:\/\/vinasfm.com\/noticias\/wp-json\/wp\/v2\/tags?post=107039"}],"curies":[{"name":"wp","href":"https:\/\/api.w.org\/{rel}","templated":true}]}}