{"id":106949,"date":"2022-03-28T23:30:16","date_gmt":"2022-03-29T02:30:16","guid":{"rendered":"http:\/\/vinasfm.com\/noticias\/?p=106949"},"modified":"2022-03-30T10:07:28","modified_gmt":"2022-03-30T13:07:28","slug":"fin-de-semana-se-registraron-varios-delitos-contra-la-propiedad-en-ciudad","status":"publish","type":"post","link":"https:\/\/vinasfm.com\/noticias\/fin-de-semana-se-registraron-varios-delitos-contra-la-propiedad-en-ciudad\/","title":{"rendered":"FIN DE SEMANA: SE REGISTRARON RI\u00d1AS Y VARIOS DELITOS CONTRA LA PROPIEDAD EN CIUDAD"},"content":{"rendered":"<h4><span style=\"color: #000000;\"><strong>Durante este fin de semana pasado se registraron hechos vinculados a delitos contra la propiedad y sustracci\u00f3n de bicicletas por lo que personal policial, bajo instrucci\u00f3n de la Unidad Fiscal, trabaja en esclarecer lo sucedido.<\/strong><\/span><\/h4>\n<p><span style=\"color: #000000;\">Consultado sobre el reporte oficial, el <strong>Subcomisario Jos\u00e9 L\u00f3pez<\/strong> brind\u00f3 detalles en di\u00e1logo con <strong>F.M. VI\u00d1AS<\/strong> sobre las novedades policiales de los \u00faltimos d\u00edas. <\/span><\/p>\n<p><span style=\"color: #000000;\">El <strong>s\u00e1bado en la ma\u00f1ana<\/strong> la propietaria de un <strong>complejo de departamentos, ubicado en Arist\u00f3bulo del Valle 151<\/strong>, fue informada por los inquilinos sobre el faltante de agua por lo que la verificar constat\u00f3 que <strong>delincuentes hab\u00edan sustra\u00eddo una bomba presurizadora<\/strong>.<\/span><\/p>\n<p><span style=\"color: #000000;\">Respecto al robo de bicicletas, este s\u00e1bado<strong> malvivientes forzaron la reja de una propiedad<\/strong> situada en calle <strong>25 de Mayo al 500<\/strong>\u00a0y se apoderaron de una <strong>bicicleta marca Vairo, rodado 29<\/strong>. Asimismo, en <strong>calle Chacabuco 450<\/strong> tras da\u00f1ar el candado <strong>sustrajeron otro biciclo, rodado 29<\/strong>, del interior de una vivienda.<\/span><\/p>\n<p><span style=\"color: #000000;\">En horas de la madrugada de este domingo <strong>el local comercial &#8216;Estamos al Horno&#8217;<\/strong>, en <strong>S\u00e1enz Pe\u00f1a e Ingeniero Lange<\/strong>, fue escenario de un robo. Los propietarios arribaron cerca de las 10:30hs y constataron que<strong> previo romper la reja y la ventana, desconocidos ingresaron y se llevaron mercader\u00edas varias<\/strong>.<\/span><\/p>\n<p><span style=\"color: #000000;\">Extraoficialmente se nos inform\u00f3 que en <strong>horas de la madrugada de este lunes<\/strong>, delincuentes ingresaron a una<strong> propiedad de calle Pi\u00e9rola y 26 de Julio<\/strong> y sustrajeron <strong>5 garrafas de 10kg y una motocicleta<\/strong>.<\/span><\/p>\n<h4><span style=\"color: #000000;\"><strong>Referente a la diversi\u00f3n nocturna<\/strong><\/span><\/h4>\n<p><span style=\"color: #000000;\">El d\u00eda s\u00e1bado en la ma\u00f1ana y domingo, se <strong>produjeron inconvenientes en la salida del local bailable de Ruta 188<\/strong> a metros de la Rotonda del Agua.<\/span><\/p>\n<p><span style=\"color: #000000;\">Un <strong>grupo de inadaptados generaron molestias ri\u00f1as, que terminaron con personas lesionadas y aprehendidos<\/strong>, tuvo amplio trabajo de Polic\u00eda para tratar de calmar la situaci\u00f3n.<\/span><\/p>\n<p><span style=\"color: #000000;\">En todos los casos, se labraron actuaciones en <strong>Comisar\u00eda 14\u00b0<\/strong> bajo instrucci\u00f3n de la <strong>Unidad Fiscal de General Alvear<\/strong>.\u00a0<\/span><\/p>\n<p><span style=\"color: #000000;\">Asimismo, desde la <strong>Jefatura Departamental Gral Alvear<\/strong> se coordin\u00f3 y realiz\u00f3 la PREVENCI\u00d3N necesaria en los distintos eventos que se llevaron a cabo en ALVEAR el fin de semana.<\/span><\/p>\n<ul>\n<li><strong><span style=\"color: #000000;\">Expo de Autos cl\u00e1sicos. <\/span><\/strong><\/li>\n<li><strong><span style=\"color: #000000;\">Fiesta Nacional de la Ciruela.<\/span><\/strong><\/li>\n<li><strong><span style=\"color: #000000;\">Servicios de cancha.<\/span><\/strong><\/li>\n<li><strong><span style=\"color: #000000;\">Evento a\u00e9reo en el Aeroclub.<\/span><\/strong><\/li>\n<\/ul>\n<p><span style=\"color: #000000;\">Todos finalizaron <strong>SIN NOVEDADES<\/strong>.<\/span><\/p>\n","protected":false},"excerpt":{"rendered":"<p>Durante este fin de semana pasado se registraron hechos vinculados a delitos contra la propiedad y sustracci\u00f3n de bicicletas por lo &#8230;<\/p>\n","protected":false},"author":8,"featured_media":63435,"comment_status":"open","ping_status":"open","sticky":false,"template":"","format":"standard","meta":{"footnotes":""},"categories":[5,4],"tags":[],"class_list":["post-106949","post","type-post","status-publish","format-standard","has-post-thumbnail","hentry","category-actualidad","category-policiales"],"_links":{"self":[{"href":"https:\/\/vinasfm.com\/noticias\/wp-json\/wp\/v2\/posts\/106949","targetHints":{"allow":["GET"]}}],"collection":[{"href":"https:\/\/vinasfm.com\/noticias\/wp-json\/wp\/v2\/posts"}],"about":[{"href":"https:\/\/vinasfm.com\/noticias\/wp-json\/wp\/v2\/types\/post"}],"author":[{"embeddable":true,"href":"https:\/\/vinasfm.com\/noticias\/wp-json\/wp\/v2\/users\/8"}],"replies":[{"embeddable":true,"href":"https:\/\/vinasfm.com\/noticias\/wp-json\/wp\/v2\/comments?post=106949"}],"version-history":[{"count":5,"href":"https:\/\/vinasfm.com\/noticias\/wp-json\/wp\/v2\/posts\/106949\/revisions"}],"predecessor-version":[{"id":106958,"href":"https:\/\/vinasfm.com\/noticias\/wp-json\/wp\/v2\/posts\/106949\/revisions\/106958"}],"wp:featuredmedia":[{"embeddable":true,"href":"https:\/\/vinasfm.com\/noticias\/wp-json\/wp\/v2\/media\/63435"}],"wp:attachment":[{"href":"https:\/\/vinasfm.com\/noticias\/wp-json\/wp\/v2\/media?parent=106949"}],"wp:term":[{"taxonomy":"category","embeddable":true,"href":"https:\/\/vinasfm.com\/noticias\/wp-json\/wp\/v2\/categories?post=106949"},{"taxonomy":"post_tag","embeddable":true,"href":"https:\/\/vinasfm.com\/noticias\/wp-json\/wp\/v2\/tags?post=106949"}],"curies":[{"name":"wp","href":"https:\/\/api.w.org\/{rel}","templated":true}]}}