{"id":106942,"date":"2022-03-28T23:50:22","date_gmt":"2022-03-29T02:50:22","guid":{"rendered":"http:\/\/vinasfm.com\/noticias\/?p=106942"},"modified":"2022-03-30T08:54:18","modified_gmt":"2022-03-30T11:54:18","slug":"se-celebro-una-nueva-edicion-del-festival-nacional-de-la-ciruela","status":"publish","type":"post","link":"https:\/\/vinasfm.com\/noticias\/se-celebro-una-nueva-edicion-del-festival-nacional-de-la-ciruela\/","title":{"rendered":"SE CELEBR\u00d3 UNA NUEVA EDICI\u00d3N DEL FESTIVAL NACIONAL DE LA CIRUELA"},"content":{"rendered":"<h5><strong><span style=\"color: #000000;\">Con la presencia del intendente Walther Marcolini, el delegado de Bowen Hern\u00e1n Climent, el Jefe de la Polic\u00eda de Mendoza Marcelo Calipo, concejales y funcionarios, este viernes dio inicio una nueva edici\u00f3n del Festival Nacional de la Ciruela, en Bowen, lugar donde confluyen todos los elementos de nuestra cultura, rindiendo honor a los agricultores y productores cirueleros.<\/span><\/strong><\/h5>\n<p><span style=\"color: #000000;\">Con un gran marco de p\u00fablico, se celebr\u00f3 la primera noche del 20 Festival Nacional de la Ciruela, que cont\u00f3 con artesanos, grandes shows en vivo y mucho m\u00e1s: \u00ab<strong><em>Este Festival nos pone orgullosos a todos los bowenses, y sin dudas a todos los alvearenses, ya que contamos con dos Festivales de \u00edndole nacional. Esta noche tenemos un gran p\u00fablico y una gran cantidad de stands<\/em><\/strong>\u00ab, dijo el <strong>Delegado de Bowen, Hern\u00e1n Climent<\/strong>.<\/span><\/p>\n<p><span style=\"color: #000000;\">Por su parte, <strong>Mart\u00edn S\u00e1nchez<\/strong>, uno de los coordinadores, explic\u00f3: \u00ab<strong><em>Son veladas para aprovechar porque tenemos grandes artistas, igual que ma\u00f1ana, que tendremos el cierre con Leandro Lobato, la rifa, y el domingo la jineteada. Adem\u00e1s tenemos una gran cantidad de stands que aportan a la econom\u00eda despu\u00e9s de tanto tiempo de pandemia<\/em><\/strong>\u00ab.<\/span><\/p>\n<p><span style=\"color: #000000;\">S\u00e1nchez remarc\u00f3 que esta es la 20\u00ba edici\u00f3n del Festival de la Ciruela, que desde hace tres a\u00f1os cuenta con la categor\u00eda de nacional, lo que pone a General Alvear en la agenda del pa\u00eds.<\/span><\/p>\n","protected":false},"excerpt":{"rendered":"<p>Con la presencia del intendente Walther Marcolini, el delegado de Bowen Hern\u00e1n Climent, el Jefe de la Polic\u00eda de Mendoza Marcelo &#8230;<\/p>\n","protected":false},"author":8,"featured_media":106943,"comment_status":"open","ping_status":"open","sticky":false,"template":"","format":"standard","meta":{"footnotes":""},"categories":[5,10],"tags":[],"class_list":["post-106942","post","type-post","status-publish","format-standard","has-post-thumbnail","hentry","category-actualidad","category-destacadas"],"_links":{"self":[{"href":"https:\/\/vinasfm.com\/noticias\/wp-json\/wp\/v2\/posts\/106942","targetHints":{"allow":["GET"]}}],"collection":[{"href":"https:\/\/vinasfm.com\/noticias\/wp-json\/wp\/v2\/posts"}],"about":[{"href":"https:\/\/vinasfm.com\/noticias\/wp-json\/wp\/v2\/types\/post"}],"author":[{"embeddable":true,"href":"https:\/\/vinasfm.com\/noticias\/wp-json\/wp\/v2\/users\/8"}],"replies":[{"embeddable":true,"href":"https:\/\/vinasfm.com\/noticias\/wp-json\/wp\/v2\/comments?post=106942"}],"version-history":[{"count":1,"href":"https:\/\/vinasfm.com\/noticias\/wp-json\/wp\/v2\/posts\/106942\/revisions"}],"predecessor-version":[{"id":106944,"href":"https:\/\/vinasfm.com\/noticias\/wp-json\/wp\/v2\/posts\/106942\/revisions\/106944"}],"wp:featuredmedia":[{"embeddable":true,"href":"https:\/\/vinasfm.com\/noticias\/wp-json\/wp\/v2\/media\/106943"}],"wp:attachment":[{"href":"https:\/\/vinasfm.com\/noticias\/wp-json\/wp\/v2\/media?parent=106942"}],"wp:term":[{"taxonomy":"category","embeddable":true,"href":"https:\/\/vinasfm.com\/noticias\/wp-json\/wp\/v2\/categories?post=106942"},{"taxonomy":"post_tag","embeddable":true,"href":"https:\/\/vinasfm.com\/noticias\/wp-json\/wp\/v2\/tags?post=106942"}],"curies":[{"name":"wp","href":"https:\/\/api.w.org\/{rel}","templated":true}]}}