{"id":106904,"date":"2022-03-25T00:30:57","date_gmt":"2022-03-25T03:30:57","guid":{"rendered":"http:\/\/vinasfm.com\/noticias\/?p=106904"},"modified":"2022-03-25T10:45:34","modified_gmt":"2022-03-25T13:45:34","slug":"todavia-no-esta-disponible-el-tramite-de-la-declaracion-jurada-auh-2021","status":"publish","type":"post","link":"https:\/\/vinasfm.com\/noticias\/todavia-no-esta-disponible-el-tramite-de-la-declaracion-jurada-auh-2021\/","title":{"rendered":"TODAV\u00cdA NO EST\u00c1 DISPONIBLE EL TR\u00c1MITE DE LA DECLARACI\u00d3N JURADA AUH 2021"},"content":{"rendered":"<h4><span style=\"color: #000000;\"><strong>Se acerca\u00a0abril\u00a0y con \u00e9l una nueva tanda de\u00a0pagos fijos y adicionales,\u00a0adem\u00e1s de diversas novedades para los beneficiarios de la Administraci\u00f3n Nacional de la Seguridad Social (ANSES).<\/strong><\/span><\/h4>\n<p><span style=\"color: #000000;\">Uno de ellos es el\u00a0<strong>20% retenido de 2021<\/strong>\u00a0que deben cobrar las titulares de la\u00a0<strong>Asignaci\u00f3n Universal por Hijo (AUH)<\/strong>\u00a0mediante el tr\u00e1mite de Declaraci\u00f3n Jurada (DDJJ) o libreta. Muchas se preguntan cu\u00e1ndo y c\u00f3mo hacerlo, las fechas de cobro y otros detalles que te contamos en esta nota.<\/span><\/p>\n<h4><span style=\"color: #000000;\"><strong>\u00bfYa se puede presentar la Declaraci\u00f3n Jurada?<\/strong><\/span><\/h4>\n<p><span style=\"color: #000000;\"><strong>No,<\/strong>\u00a0el tr\u00e1mite todav\u00eda no se habilit\u00f3. Al entrar a Mi ANSES y elegir la opci\u00f3n figura el mensaje:\u00a0<em>\u00aben breve estar\u00e1 disponible una nueva versi\u00f3n del aplicativo de carga de la libreta 2021\u00bb<\/em>.<\/span><\/p>\n<p><span style=\"color: #000000;\">Esto quiere decir que a todos los titulares les aparecer\u00e1 de la misma forma y\u00a0<strong>no se trata de un error<\/strong>, sino que a\u00fan debe habilitarse.<\/span><\/p>\n<p>&nbsp;<\/p>\n<div class=\"fixed-container \"><span style=\"color: #000000;\"><img decoding=\"async\" class=\"i-amphtml-fill-content i-amphtml-replaced-content aligncenter\" src=\"https:\/\/pxb.cdn.ciudadano.news\/ciudadano\/032022\/1648139601517\/declaracion_jurada_auh.webp?cw=720&amp;ch=766&amp;extw=jpg\" alt=\"cuando se cobra el retroactivo de auh 2021\" data-amp-auto-lightbox-disable=\"\" \/><\/span><\/div>\n<p>&nbsp;<\/p>\n<h4><span style=\"color: #000000;\"><strong>\u00bfCu\u00e1ndo habilitan la carga de la libreta?<\/strong><\/span><\/h4>\n<p><span style=\"color: #000000;\">Aunque desde ANSES solo indican que ser\u00e1 \u00aben breve\u00bb,\u00a0<strong>lo m\u00e1s probable es que est\u00e9 disponible en abril<\/strong>. El objetivo es que puedan hacer la gesti\u00f3n lo antes posible, ya que despu\u00e9s tendr\u00e1n tiempo hasta el 31 de diciembre de 2022.<\/span><\/p>\n<h4><span style=\"color: #000000;\"><strong>\u00bfD\u00f3nde se presenta la declaraci\u00f3n?<\/strong><\/span><\/h4>\n<p><span style=\"color: #000000;\">Hay dos opciones. Se puede cargar en la\u00a0<strong>p\u00e1gina o en la app Mi ANSES<\/strong>\u00a0(celular), es decir de forma virtual, o de manera\u00a0<strong>presencial<\/strong>\u00a0en una oficina de ANSES con turno previo.<\/span><\/p>\n<h4><span style=\"color: #000000;\"><strong>\u00bfPara qu\u00e9 sirve y qu\u00e9 pasa si no hago el tr\u00e1mite?<\/strong><\/span><\/h4>\n<p><span style=\"color: #000000;\">Es necesario porque permite\u00a0<strong>cobrar la retenci\u00f3n<\/strong>\u00a0que se le hizo a la asignaci\u00f3n cada mes del 2021. Adem\u00e1s\u00a0<strong>es obligatorio<\/strong>\u00a0y ANSES lo solicita para que las mam\u00e1s o pap\u00e1s que cobran AUH por sus hijos dejen asentado sus cuidados (m\u00e9dicos, vacunas, etc.).<\/span><\/p>\n<p><span style=\"color: #000000;\"><strong>Importante:<\/strong> aunque no deban presentar vacunas y chequeos porque se hace autom\u00e1ticamente, s\u00ed deben llevar a los hijos al m\u00e9dico y tambi\u00e9n a la escuela, por lo cual se presenta el certificado de escolaridad. Antes eran cuatro tr\u00e1mites y ahora se simplific\u00f3 en dos.<\/span><\/p>\n<h4><span style=\"color: #000000;\"><strong>\u00bfDe cu\u00e1nto es el retenido de la AUH?<\/strong><\/span><\/h4>\n<p><span style=\"color: #000000;\">Con todos los aumentos que hubo por Ley de Movilidad en 2021 (marzo, junio, septiembre y diciembre), el 20% retenido de la AUH es de\u00a0<strong>$10.781<\/strong>\u00a0este a\u00f1o por cada hijo.<\/span><\/p>\n<p><span style=\"color: #000000;\">Ese monto es para quienes cobraron la asignaci\u00f3n durante todo el a\u00f1o pasado. En el caso de haberla recibido por menos tiempo o no haber cumplido el a\u00f1o todav\u00eda, se abona un proporcional.<\/span><\/p>\n<p><span style=\"color: #000000;\">Montos del retenido por cada hijo:<\/span><\/p>\n<ul>\n<li><span style=\"color: #000000;\">Por un hijo &#x27a1; $10.781<\/span><\/li>\n<li><span style=\"color: #000000;\">Por 2\u00a0&#x27a1; $21.562<\/span><\/li>\n<li><span style=\"color: #000000;\">Por 3\u00a0&#x27a1; $32.343<\/span><\/li>\n<li><span style=\"color: #000000;\">Por 4\u00a0&#x27a1; $43.124<\/span><\/li>\n<\/ul>\n<p><span style=\"color: #000000;\">Siempre se debe multiplicar el monto por la cantidad de chicos a cargo y recordar que debe recibir la asignaci\u00f3n la persona que convive y se encarga de los hijos.<\/span><\/p>\n<h4><span style=\"color: #000000;\"><strong>\u00bfCu\u00e1ndo cobro el retenido en 2022?<\/strong><\/span><\/h4>\n<p><span style=\"color: #000000;\">Depende de cu\u00e1ndo hagan el tr\u00e1mite.\u00a0Siempre se paga\u00a0<strong>a los dos meses (60 d\u00edas)\u00a0desde el momento en que se hizo la gesti\u00f3n<\/strong>\u00a0en Mi ANSES o de forma presencial:<\/span><\/p>\n<ul>\n<li><span style=\"color: #000000;\"><strong>Si se presenta en abril, cobran en junio\u00a02022<\/strong>.<\/span><\/li>\n<li><span style=\"color: #000000;\">Si se presenta en mayo, cobran en julio 2022.<\/span><\/li>\n<li><span style=\"color: #000000;\">Si se presenta en junio, cobran en agosto\u00a02022.<\/span><\/li>\n<li><span style=\"color: #000000;\">Y as\u00ed con cada mes, a los 60 d\u00edas se debe depositar el retenido.<\/span><\/li>\n<\/ul>\n<div class=\"link_nota_propia\">\n<div class=\"subtitulo\"><\/div>\n<article class=\"nota nota--horizontal\">\n<div class=\"aux\">\n<div class=\"nota__data\"><\/div>\n<\/div>\n<\/article>\n<\/div>\n<h4><span style=\"color: #000000;\"><strong>C\u00f3mo cargar la Declaraci\u00f3n Jurada en Mi ANSES<\/strong><\/span><\/h4>\n<p><span style=\"color: #000000;\">Para hacerlo por internet, deben ingresar a\u00a0<a class=\"link\" style=\"color: #000000;\" href=\"https:\/\/servicioscorp.anses.gob.ar\/clavelogon\/logon.aspx?system=miansesv2\" target=\"_blank\" rel=\"noopener\">Mi ANSES<\/a>\u00a0con CUIL y Clave de Seguridad Social y seguir los pasos:<\/span><\/p>\n<p><span style=\"color: #000000;\"><strong>1)<\/strong>\u00a0Seleccionar el men\u00fa del lado izquierdo.<\/span><\/p>\n<p><span style=\"color: #000000;\"><strong>2)<\/strong>\u00a0Desplegar la opci\u00f3n\u00a0<em>\u00abHijas e hijos\u00bb<\/em>\u00a0y luego seleccionar\u00a0<em>\u00abLibreta AUH 2021\u00bb<\/em>.<\/span><\/p>\n<p>&nbsp;<\/p>\n<div class=\"fixed-container \"><span style=\"color: #000000;\"><img loading=\"lazy\" decoding=\"async\" class=\"i-amphtml-fill-content i-amphtml-replaced-content aligncenter\" src=\"https:\/\/pxb.cdn.ciudadano.news\/ciudadano\/032022\/1648139615929\/declaracion_auh.webp?cw=284&amp;ch=240&amp;extw=PNG\" alt=\"cuando y d\u00f3nde cobro anses\" width=\"458\" height=\"387\" data-amp-auto-lightbox-disable=\"\" \/><\/span><\/div>\n<p>&nbsp;<\/p>\n<p><span style=\"color: #000000;\"><strong>3)<\/strong>\u00a0Ah\u00ed s\u00f3lo habr\u00e1 que completar el formulario con los datos de los hijos y listo. Finalmente va a figurar con un tilde verde y ya vas a estar habilitada para cobrar el retenido.<\/span><\/p>\n<p><span style=\"color: #000000;\">En el caso de tener inconvenientes con la p\u00e1gina, se puede solicitar un turno en el sitio oficial de ANSES para hacer la gesti\u00f3n de forma presencial en una oficina.<\/span><\/p>\n<h4><span style=\"color: #000000;\"><strong>Ayuda escolar 2022: fecha l\u00edmite<\/strong><\/span><\/h4>\n<p><span style=\"color: #000000;\">La posibilidad de cargar el\u00a0formulario de escolaridad 2021 para cobrar la ayuda escolar 2022\u00a0se termina en una semana.\u00a0<strong>El 31 de marzo es la fecha l\u00edmite<\/strong>\u00a0para hacer el tr\u00e1mite y luego s\u00f3lo podr\u00e1n presentar el certificado de 2022, que estar\u00e1 vigente hasta el 31 de diciembre.<\/span><\/p>\n<p><span style=\"color: #000000;\">Se recomienda no dejar de cargar la escolaridad, ya que si no lo hacen no van a poder percibir la ayuda extra.<\/span><\/p>\n<h4><span style=\"color: #000000;\"><strong>\u00bfHay bono para la AUH en abril?<\/strong><\/span><\/h4>\n<p><span style=\"color: #000000;\">Por ahora\u00a0<strong>no se confirm\u00f3 ni se comunic\u00f3 oficialmente<\/strong>. Puede ser una posibilidad, ya que el Gobierno estaba preparando diversas medidas econ\u00f3micas, pero habr\u00e1 que esperar a que hagan los anuncios pertinentes.<\/span><\/p>\n<p><span style=\"color: #000000;\">Lo que s\u00ed est\u00e1 confirmado es el\u00a0<strong>bono de $6000 para Potenciar Trabajo<\/strong>, que se paga desde el martes 5 de abril y alcanza a miles de AUH que est\u00e9n dentro del programa. Adem\u00e1s, el pr\u00f3ximo mes el plan tiene aumento.<\/span><\/p>\n<h4><span style=\"color: #000000;\"><strong>Fechas de cobro AUH abril 2022<\/strong><\/span><\/h4>\n<p><span style=\"color: #000000;\">El calendario de pagos de ANSES tiene modificaciones\u00a0para la Asignaci\u00f3n Universal por Hijo (AUH), la\u00a0Asignaci\u00f3n Familiar por Hijo (SUAF)\u00a0y\u00a0jubilados y pensionados que cobran la m\u00ednima\u00a0por los\u00a0<strong>feriados<\/strong>\u00a0de Semana Santa. Todos cobran los siguientes d\u00edas:<\/span><\/p>\n<ul>\n<li><span style=\"color: #000000;\">DNI terminados en 0 &#x27a1; viernes 8 de abril<\/span><\/li>\n<li><span style=\"color: #000000;\">DNI terminados en 1\u00a0&#x27a1; lunes 11 de abril<\/span><\/li>\n<li><span style=\"color: #000000;\">DNI terminados en 2\u00a0&#x27a1; martes 12 de abril<\/span><\/li>\n<li><span style=\"color: #000000;\">DNI terminados en 3\u00a0&#x27a1; mi\u00e9rcoles 13 de abril<\/span><\/li>\n<li><span style=\"color: #000000;\">DNI terminados en 4\u00a0&#x27a1; mi\u00e9rcoles 13 de abril<\/span><\/li>\n<li><span style=\"color: #000000;\">DNI terminados en 5\u00a0&#x27a1; lunes 18 de abril<\/span><\/li>\n<li><span style=\"color: #000000;\">DNI terminados en 6\u00a0&#x27a1; martes 19 de abril<\/span><\/li>\n<li><span style=\"color: #000000;\">DNI terminados en 7\u00a0&#x27a1; mi\u00e9rcoles 20 de abril<\/span><\/li>\n<li><span style=\"color: #000000;\">DNI terminados en 8\u00a0&#x27a1; jueves 21 de abril<\/span><\/li>\n<li><span style=\"color: #000000;\">DNI terminados en 9\u00a0&#x27a1; viernes 22 de abril<\/span><\/li>\n<\/ul>\n<div class=\"link_nota_propia\">\n<div class=\"subtitulo\"><\/div>\n<article class=\"nota nota--horizontal\">\n<div class=\"aux\">\n<div class=\"nota__data\"><\/div>\n<\/div>\n<\/article>\n<\/div>\n<p><span style=\"color: #000000;\">Por ahora perciben\u00a0<strong>$5100 de asignaci\u00f3n<\/strong>\u00a0por cada hijo ($16.812 por discapacidad), los montos de la\u00a0<strong>Tarjeta Alimentar<\/strong>\u00a0($6000 por un hijo, $9000 por dos y $12.000 por tres o m\u00e1s, ya que no se ha confirmado un aumento) y ayuda escolar de $5343 seg\u00fan cu\u00e1ndo hicieron el tr\u00e1mite.<\/span><\/p>\n<p><span style=\"color: #000000;\">Tendr\u00e1n el salario complementario s\u00f3lo si est\u00e1n en\u00a0<strong>Potenciar Trabajo<\/strong>\u00a0($19.470 con aumento + bono de $6000). Luego empezar\u00e1n a cobrar el retenido cuando puedan cargar la declaraci\u00f3n jurada y en mayo se vuelven a depositar los\u00a0<strong>$5000 del plan M\u00e1s Cultura<\/strong>.<\/span><\/p>\n<h5><span style=\"color: #000000;\">Informe de El Ciudadano.<\/span><\/h5>\n","protected":false},"excerpt":{"rendered":"<p>Se acerca\u00a0abril\u00a0y con \u00e9l una nueva tanda de\u00a0pagos fijos y adicionales,\u00a0adem\u00e1s de diversas novedades para los beneficiarios de la Administraci\u00f3n Nacional &#8230;<\/p>\n","protected":false},"author":8,"featured_media":51700,"comment_status":"open","ping_status":"open","sticky":false,"template":"","format":"standard","meta":{"footnotes":""},"categories":[5,50],"tags":[],"class_list":["post-106904","post","type-post","status-publish","format-standard","has-post-thumbnail","hentry","category-actualidad","category-anses"],"_links":{"self":[{"href":"https:\/\/vinasfm.com\/noticias\/wp-json\/wp\/v2\/posts\/106904","targetHints":{"allow":["GET"]}}],"collection":[{"href":"https:\/\/vinasfm.com\/noticias\/wp-json\/wp\/v2\/posts"}],"about":[{"href":"https:\/\/vinasfm.com\/noticias\/wp-json\/wp\/v2\/types\/post"}],"author":[{"embeddable":true,"href":"https:\/\/vinasfm.com\/noticias\/wp-json\/wp\/v2\/users\/8"}],"replies":[{"embeddable":true,"href":"https:\/\/vinasfm.com\/noticias\/wp-json\/wp\/v2\/comments?post=106904"}],"version-history":[{"count":1,"href":"https:\/\/vinasfm.com\/noticias\/wp-json\/wp\/v2\/posts\/106904\/revisions"}],"predecessor-version":[{"id":106910,"href":"https:\/\/vinasfm.com\/noticias\/wp-json\/wp\/v2\/posts\/106904\/revisions\/106910"}],"wp:featuredmedia":[{"embeddable":true,"href":"https:\/\/vinasfm.com\/noticias\/wp-json\/wp\/v2\/media\/51700"}],"wp:attachment":[{"href":"https:\/\/vinasfm.com\/noticias\/wp-json\/wp\/v2\/media?parent=106904"}],"wp:term":[{"taxonomy":"category","embeddable":true,"href":"https:\/\/vinasfm.com\/noticias\/wp-json\/wp\/v2\/categories?post=106904"},{"taxonomy":"post_tag","embeddable":true,"href":"https:\/\/vinasfm.com\/noticias\/wp-json\/wp\/v2\/tags?post=106904"}],"curies":[{"name":"wp","href":"https:\/\/api.w.org\/{rel}","templated":true}]}}