{"id":106902,"date":"2022-03-28T00:01:21","date_gmt":"2022-03-28T03:01:21","guid":{"rendered":"http:\/\/vinasfm.com\/noticias\/?p=106902"},"modified":"2022-03-28T09:35:56","modified_gmt":"2022-03-28T12:35:56","slug":"dia-del-nino-por-nacer-familias-unidas-por-alvear-convocan-a-una-caravana-por-la-vida","status":"publish","type":"post","link":"https:\/\/vinasfm.com\/noticias\/dia-del-nino-por-nacer-familias-unidas-por-alvear-convocan-a-una-caravana-por-la-vida\/","title":{"rendered":"FAMILIAS UNIDAS POR ALVEAR REALIZARON UNA &#8216;CARAVANA POR LA VIDA&#8217;"},"content":{"rendered":"<h4><span style=\"color: #000000;\"><strong>Este s\u00e1bado 26 la Agrupaci\u00f3n Familias Unidas por Alvear convocaron a partir de las 18hs a una caravana en conmemoraci\u00f3n del D\u00eda del Ni\u00f1o por Nacer que recorri\u00f3 el microcentro de Ciudad.<\/strong><\/span><\/h4>\n<p><span style=\"color: #000000;\">En di\u00e1logo con <strong>F.M. Vi\u00f1as<\/strong> la <strong>Prof. Sonia Torres de S\u00e1nchez<\/strong> se\u00f1al\u00f3 que este tipo de actividades busca reflejar la &#8216;<strong><em>defensa de las familias y de los ni\u00f1os por nacer en un contexto nacional en el que es legal el aborto atentando contra la vida&#8217;.<\/em><\/strong><\/span><\/p>\n<p><span style=\"color: #000000;\">La caravana comenz\u00f3 a las 18hs en el Boulevard por la Vida y la Familia situado en calle Granaderos y Avenida Libertador Sur: &#8216;<strong><em>Llevamos carteles, globos y pa\u00f1uelos celestes para visibilizar nuestra postura<\/em><\/strong>&#8216;, subray\u00f3.<\/span><\/p>\n<p><span style=\"color: #000000;\">Desde el punto de encuentro <strong>partieron hasta el monumento del Km0<\/strong> &#8216;<strong><em>donde realizamos una breve declaraci\u00f3n a favor de la vida<\/em><\/strong>&#8216;, indic\u00f3 Torres, quien adem\u00e1s sostuvo: &#8216;<strong><em>Seguiremos luchando por derogar esta ley del aborto porque la mayor\u00eda de los argentinos est\u00e1 en contra y tenemos la obligaci\u00f3n de defender la vida desde la concepci\u00f3n en todos los \u00e1mbitos<\/em><\/strong>&#8216;.<\/span><\/p>\n","protected":false},"excerpt":{"rendered":"<p>Este s\u00e1bado 26 la Agrupaci\u00f3n Familias Unidas por Alvear convocaron a partir de las 18hs a una caravana en conmemoraci\u00f3n del &#8230;<\/p>\n","protected":false},"author":8,"featured_media":50050,"comment_status":"open","ping_status":"open","sticky":false,"template":"","format":"standard","meta":{"footnotes":""},"categories":[5,10],"tags":[],"class_list":["post-106902","post","type-post","status-publish","format-standard","has-post-thumbnail","hentry","category-actualidad","category-destacadas"],"_links":{"self":[{"href":"https:\/\/vinasfm.com\/noticias\/wp-json\/wp\/v2\/posts\/106902","targetHints":{"allow":["GET"]}}],"collection":[{"href":"https:\/\/vinasfm.com\/noticias\/wp-json\/wp\/v2\/posts"}],"about":[{"href":"https:\/\/vinasfm.com\/noticias\/wp-json\/wp\/v2\/types\/post"}],"author":[{"embeddable":true,"href":"https:\/\/vinasfm.com\/noticias\/wp-json\/wp\/v2\/users\/8"}],"replies":[{"embeddable":true,"href":"https:\/\/vinasfm.com\/noticias\/wp-json\/wp\/v2\/comments?post=106902"}],"version-history":[{"count":5,"href":"https:\/\/vinasfm.com\/noticias\/wp-json\/wp\/v2\/posts\/106902\/revisions"}],"predecessor-version":[{"id":106957,"href":"https:\/\/vinasfm.com\/noticias\/wp-json\/wp\/v2\/posts\/106902\/revisions\/106957"}],"wp:featuredmedia":[{"embeddable":true,"href":"https:\/\/vinasfm.com\/noticias\/wp-json\/wp\/v2\/media\/50050"}],"wp:attachment":[{"href":"https:\/\/vinasfm.com\/noticias\/wp-json\/wp\/v2\/media?parent=106902"}],"wp:term":[{"taxonomy":"category","embeddable":true,"href":"https:\/\/vinasfm.com\/noticias\/wp-json\/wp\/v2\/categories?post=106902"},{"taxonomy":"post_tag","embeddable":true,"href":"https:\/\/vinasfm.com\/noticias\/wp-json\/wp\/v2\/tags?post=106902"}],"curies":[{"name":"wp","href":"https:\/\/api.w.org\/{rel}","templated":true}]}}