{"id":106890,"date":"2022-03-24T00:01:17","date_gmt":"2022-03-24T03:01:17","guid":{"rendered":"http:\/\/vinasfm.com\/noticias\/?p=106890"},"modified":"2022-03-28T09:57:22","modified_gmt":"2022-03-28T12:57:22","slug":"pronostico-como-estara-el-tiempo-durante-el-fin-de-semana","status":"publish","type":"post","link":"https:\/\/vinasfm.com\/noticias\/pronostico-como-estara-el-tiempo-durante-el-fin-de-semana\/","title":{"rendered":"PRON\u00d3STICO: \u00bfC\u00d3MO ESTAR\u00c1 EL TIEMPO DURANTE EL FIN DE SEMANA?"},"content":{"rendered":"<h4><span style=\"color: #000000;\"><strong>Este fin de semana Alvear propone diversas actividades para disfrutar y sin dudas el factor &#8216;estado del tiempo&#8217; es fundamental para participar de dichos eventos por eso compartimos la tendencia meteorol\u00f3gica para este viernes, s\u00e1bado y domingo.<\/strong><\/span><\/h4>\n<p><span style=\"color: #000000;\">Seg\u00fan adelant\u00f3 <strong>Defensa Civil de General Alvear<\/strong> las condiciones ser\u00e1n favorables ya que se descarta la posibilidad de inestabilidad en la regi\u00f3n. En detalles, as\u00ed estar\u00e1 el tiempo durante los pr\u00f3ximos d\u00edas:<\/span><\/p>\n<p><span style=\"color: #000000;\">Este <strong>viernes<\/strong> tendremos circulaci\u00f3n de aire del sector sur y en la tarde rotaci\u00f3n hacia el este y cielo con algo de nubosidad. La temperatura m\u00e1xima se ubicar\u00e1 en torno a los 25\u00ba\u202fC.<\/span><\/p>\n<p><span style=\"color: #000000;\">El d\u00eda <strong>s\u00e1bado<\/strong> ingreso de pulsos de aire del sector norte sobre nuestra regi\u00f3n, cielo con algo de nubosidad y ascenso de temperatura con una m\u00e1xima en torno a los 28\u00ba\u202fC.<\/span><\/p>\n<p><span style=\"color: #000000;\">El <strong>domingo<\/strong> circulaci\u00f3n de aire del este-noreste y la m\u00e1xima se mantiene en 28\u00ba\u202fC.<\/span><\/p>\n<p><span style=\"color: #000000;\">El d\u00eda <strong>lunes<\/strong>, circulaci\u00f3n de aire del norte-noreste, cielo con escasa nubosidad y la m\u00e1xima en 29\u00ba\u202fC.<\/span><\/p>\n","protected":false},"excerpt":{"rendered":"<p>Este fin de semana Alvear propone diversas actividades para disfrutar y sin dudas el factor &#8216;estado del tiempo&#8217; es fundamental para &#8230;<\/p>\n","protected":false},"author":8,"featured_media":69668,"comment_status":"open","ping_status":"open","sticky":false,"template":"","format":"standard","meta":{"footnotes":""},"categories":[5,36],"tags":[],"class_list":["post-106890","post","type-post","status-publish","format-standard","has-post-thumbnail","hentry","category-actualidad","category-pronostico"],"_links":{"self":[{"href":"https:\/\/vinasfm.com\/noticias\/wp-json\/wp\/v2\/posts\/106890","targetHints":{"allow":["GET"]}}],"collection":[{"href":"https:\/\/vinasfm.com\/noticias\/wp-json\/wp\/v2\/posts"}],"about":[{"href":"https:\/\/vinasfm.com\/noticias\/wp-json\/wp\/v2\/types\/post"}],"author":[{"embeddable":true,"href":"https:\/\/vinasfm.com\/noticias\/wp-json\/wp\/v2\/users\/8"}],"replies":[{"embeddable":true,"href":"https:\/\/vinasfm.com\/noticias\/wp-json\/wp\/v2\/comments?post=106890"}],"version-history":[{"count":2,"href":"https:\/\/vinasfm.com\/noticias\/wp-json\/wp\/v2\/posts\/106890\/revisions"}],"predecessor-version":[{"id":106893,"href":"https:\/\/vinasfm.com\/noticias\/wp-json\/wp\/v2\/posts\/106890\/revisions\/106893"}],"wp:featuredmedia":[{"embeddable":true,"href":"https:\/\/vinasfm.com\/noticias\/wp-json\/wp\/v2\/media\/69668"}],"wp:attachment":[{"href":"https:\/\/vinasfm.com\/noticias\/wp-json\/wp\/v2\/media?parent=106890"}],"wp:term":[{"taxonomy":"category","embeddable":true,"href":"https:\/\/vinasfm.com\/noticias\/wp-json\/wp\/v2\/categories?post=106890"},{"taxonomy":"post_tag","embeddable":true,"href":"https:\/\/vinasfm.com\/noticias\/wp-json\/wp\/v2\/tags?post=106890"}],"curies":[{"name":"wp","href":"https:\/\/api.w.org\/{rel}","templated":true}]}}