{"id":106858,"date":"2022-03-23T00:01:16","date_gmt":"2022-03-23T03:01:16","guid":{"rendered":"http:\/\/vinasfm.com\/noticias\/?p=106858"},"modified":"2022-03-28T09:56:51","modified_gmt":"2022-03-28T12:56:51","slug":"este-sabado-se-lanza-el-ciclo-tardecitas-de-mercado","status":"publish","type":"post","link":"https:\/\/vinasfm.com\/noticias\/este-sabado-se-lanza-el-ciclo-tardecitas-de-mercado\/","title":{"rendered":"SE LANZA EL CICLO &#8216;TARDECITAS DE MERCADO&#8217;"},"content":{"rendered":"<h4><span style=\"color: #000000;\"><strong>Con diferentes actividades art\u00edsticas y para la familia, que desde este s\u00e1bado se realizar\u00e1n en el Mercado Municipal de 18 a 22 hs, dar\u00e1 inicio el ciclo \u201cTardecitas de Mercado\u201d.<\/strong><\/span><\/h4>\n<p><span style=\"color: #000000;\">La <strong>Coordinadora del \u00c1rea de Econom\u00eda Social Valeria Mart\u00ednez<\/strong>, invit\u00f3 al inicio del ciclo \u201c<strong><em>Tardecitas de Mercado<\/em><\/strong>\u201d que desde este s\u00e1bado se realizar\u00e1n en el Mercado Municipal: \u201c<strong><em>Van a participar artistas de Tu Escuela de Rock, vamos a tener sorteos y la idea es pasar un rato agradable, adem\u00e1s de dar inicio a actividades que estamos trabajando mediante diferentes \u00e1reas<\/em><\/strong>\u201d.<\/span><\/p>\n<p><span style=\"color: #000000;\">El ciclo \u201c<strong><em>Tardecitas de Mercado<\/em><\/strong>\u201d presentar\u00e1 a diferentes artistas del departamento, con escuelas y ballets departamentales, adem\u00e1s se est\u00e1 trabajando con veteranos de Malvinas: \u201c<strong><em>Son eventos que hay que estimularlos, queremos que los alvearenses encuentren un lugar para todos, artesanos, m\u00fasicos y otras expresiones art\u00edsticas<\/em><\/strong>\u201d, agreg\u00f3 Mart\u00ednez.<\/span><\/p>\n<p><span style=\"color: #000000;\">\u201c<strong><em>Tardecitas de Mercado<\/em><\/strong>\u201d se realizar\u00e1 todos los s\u00e1bados de 18 a 22 hs.<\/span><\/p>\n","protected":false},"excerpt":{"rendered":"<p>Con diferentes actividades art\u00edsticas y para la familia, que desde este s\u00e1bado se realizar\u00e1n en el Mercado Municipal de 18 a &#8230;<\/p>\n","protected":false},"author":8,"featured_media":106859,"comment_status":"open","ping_status":"open","sticky":false,"template":"","format":"standard","meta":{"footnotes":""},"categories":[5,10],"tags":[],"class_list":["post-106858","post","type-post","status-publish","format-standard","has-post-thumbnail","hentry","category-actualidad","category-destacadas"],"_links":{"self":[{"href":"https:\/\/vinasfm.com\/noticias\/wp-json\/wp\/v2\/posts\/106858","targetHints":{"allow":["GET"]}}],"collection":[{"href":"https:\/\/vinasfm.com\/noticias\/wp-json\/wp\/v2\/posts"}],"about":[{"href":"https:\/\/vinasfm.com\/noticias\/wp-json\/wp\/v2\/types\/post"}],"author":[{"embeddable":true,"href":"https:\/\/vinasfm.com\/noticias\/wp-json\/wp\/v2\/users\/8"}],"replies":[{"embeddable":true,"href":"https:\/\/vinasfm.com\/noticias\/wp-json\/wp\/v2\/comments?post=106858"}],"version-history":[{"count":5,"href":"https:\/\/vinasfm.com\/noticias\/wp-json\/wp\/v2\/posts\/106858\/revisions"}],"predecessor-version":[{"id":106964,"href":"https:\/\/vinasfm.com\/noticias\/wp-json\/wp\/v2\/posts\/106858\/revisions\/106964"}],"wp:featuredmedia":[{"embeddable":true,"href":"https:\/\/vinasfm.com\/noticias\/wp-json\/wp\/v2\/media\/106859"}],"wp:attachment":[{"href":"https:\/\/vinasfm.com\/noticias\/wp-json\/wp\/v2\/media?parent=106858"}],"wp:term":[{"taxonomy":"category","embeddable":true,"href":"https:\/\/vinasfm.com\/noticias\/wp-json\/wp\/v2\/categories?post=106858"},{"taxonomy":"post_tag","embeddable":true,"href":"https:\/\/vinasfm.com\/noticias\/wp-json\/wp\/v2\/tags?post=106858"}],"curies":[{"name":"wp","href":"https:\/\/api.w.org\/{rel}","templated":true}]}}