{"id":106853,"date":"2022-03-24T09:10:10","date_gmt":"2022-03-24T12:10:10","guid":{"rendered":"http:\/\/vinasfm.com\/noticias\/?p=106853"},"modified":"2022-03-26T10:03:42","modified_gmt":"2022-03-26T13:03:42","slug":"la-escuela-12-de-agosto-albergo-el-acto-oficial-por-el-dia-de-la-memoria-por-la-verdad-y-la-justicia","status":"publish","type":"post","link":"https:\/\/vinasfm.com\/noticias\/la-escuela-12-de-agosto-albergo-el-acto-oficial-por-el-dia-de-la-memoria-por-la-verdad-y-la-justicia\/","title":{"rendered":"LA ESCUELA 12 DE AGOSTO ALBERG\u00d3 EL ACTO OFICIAL POR EL D\u00cdA DE LA MEMORIA POR LA VERDAD Y LA JUSTICIA"},"content":{"rendered":"<h4><span style=\"color: #000000;\"><strong>En la escuela N\u00ba 4-114 \u201c12 de Agosto\u201d se llev\u00f3 adelante el acto oficial por el D\u00eda de la Memoria por la Verdad y la Justicia. Una fecha en la que todos decimos \u201cNunca M\u00e1s\u201d.<\/strong><\/span><\/h4>\n<p><span style=\"color: #000000;\">El emotivo acto tuvo lugar en la ma\u00f1ana de este mi\u00e9rcoles en la escuela 12 de Agosto, donde el <strong>Asesor de Derechos Humanos Roberto Lucero<\/strong> remarc\u00f3 la importancia de recordar esta fecha en una instituci\u00f3n escolar, donde adem\u00e1s, est\u00e1 plasmado un mural en memoria de los desaparecidos durante la cruenta dictadura militar: \u201c<strong><em>Tuvimos una clase p\u00fablica muy emotiva, donde se plasmaron temas como el terrorismo de Estado y la censura. Los chicos mostraron una gran actitud, que es imprescindible para trabajar la memoria en pos de un futuro mejor<\/em><\/strong>\u201d, dijo Lucero, quien realiz\u00f3 un pormenorizado recorrido por los hechos ocurridos durante esos a\u00f1os oscuros de nuestro Pa\u00eds.<\/span><\/p>\n<p><span style=\"color: #000000;\">Por su parte, el <strong>Rector IES 9-007 Salvador Calafat Mauro Torres<\/strong>, expres\u00f3 que: \u201c<strong><em>Nos encontramos aqu\u00ed, en este sitio de la memoria, que resulta ser muy valioso por estar instalado en una instituci\u00f3n educativa para hablar nuevamente de memoria, verdad y justicia, palabras que encierran mucho m\u00e1s que una fecha, son palabras cargadas de dolor, lucha y compromiso<\/em><\/strong>\u201d.<\/span><\/p>\n<p><span style=\"color: #000000;\">En este sentido remarc\u00f3 que los estudiantes han trabajado en una actividad sostenida y mediada por las instituciones educativas que est\u00e1n contenidas en el edificio donde se realiz\u00f3 el acto. \u201c<strong><em>Es bueno analizar las consecuencias econ\u00f3micas y sociales que a\u00fan hoy persisten y que van a seguir marcando nuestra historia. Necesitamos hablar del pasado para cambiar nuestro futuro<\/em><\/strong>\u201d, dijo Torres.<\/span><\/p>\n","protected":false},"excerpt":{"rendered":"<p>En la escuela N\u00ba 4-114 \u201c12 de Agosto\u201d se llev\u00f3 adelante el acto oficial por el D\u00eda de la Memoria por &#8230;<\/p>\n","protected":false},"author":8,"featured_media":106854,"comment_status":"open","ping_status":"open","sticky":false,"template":"","format":"standard","meta":{"footnotes":""},"categories":[5,10],"tags":[],"class_list":["post-106853","post","type-post","status-publish","format-standard","has-post-thumbnail","hentry","category-actualidad","category-destacadas"],"_links":{"self":[{"href":"https:\/\/vinasfm.com\/noticias\/wp-json\/wp\/v2\/posts\/106853","targetHints":{"allow":["GET"]}}],"collection":[{"href":"https:\/\/vinasfm.com\/noticias\/wp-json\/wp\/v2\/posts"}],"about":[{"href":"https:\/\/vinasfm.com\/noticias\/wp-json\/wp\/v2\/types\/post"}],"author":[{"embeddable":true,"href":"https:\/\/vinasfm.com\/noticias\/wp-json\/wp\/v2\/users\/8"}],"replies":[{"embeddable":true,"href":"https:\/\/vinasfm.com\/noticias\/wp-json\/wp\/v2\/comments?post=106853"}],"version-history":[{"count":1,"href":"https:\/\/vinasfm.com\/noticias\/wp-json\/wp\/v2\/posts\/106853\/revisions"}],"predecessor-version":[{"id":106855,"href":"https:\/\/vinasfm.com\/noticias\/wp-json\/wp\/v2\/posts\/106853\/revisions\/106855"}],"wp:featuredmedia":[{"embeddable":true,"href":"https:\/\/vinasfm.com\/noticias\/wp-json\/wp\/v2\/media\/106854"}],"wp:attachment":[{"href":"https:\/\/vinasfm.com\/noticias\/wp-json\/wp\/v2\/media?parent=106853"}],"wp:term":[{"taxonomy":"category","embeddable":true,"href":"https:\/\/vinasfm.com\/noticias\/wp-json\/wp\/v2\/categories?post=106853"},{"taxonomy":"post_tag","embeddable":true,"href":"https:\/\/vinasfm.com\/noticias\/wp-json\/wp\/v2\/tags?post=106853"}],"curies":[{"name":"wp","href":"https:\/\/api.w.org\/{rel}","templated":true}]}}