{"id":106843,"date":"2022-03-24T09:17:18","date_gmt":"2022-03-24T12:17:18","guid":{"rendered":"http:\/\/vinasfm.com\/noticias\/?p=106843"},"modified":"2022-03-26T10:17:10","modified_gmt":"2022-03-26T13:17:10","slug":"recuperaron-la-libertad-los-dos-menores-que-protagonizaron-un-raid-delictivo-en-ciudad","status":"publish","type":"post","link":"https:\/\/vinasfm.com\/noticias\/recuperaron-la-libertad-los-dos-menores-que-protagonizaron-un-raid-delictivo-en-ciudad\/","title":{"rendered":"RECUPERARON LA LIBERTAD LOS DOS MENORES QUE PROTAGONIZARON UN RAID DELICTIVO EN CIUDAD"},"content":{"rendered":"<h4><span style=\"color: #000000;\"><strong>Dos menores de 16 a\u00f1os fueron aprehendidos por la Polic\u00eda luego de robar una motocicleta y con la misma asaltar a una ciclista que iba a trabajar. A posterior, recuperaron la libertad.<\/strong><\/span><\/h4>\n<p><span style=\"color: #000000;\">Autoridades policiales brindaron detalles en dialogo con <strong>F.M. VI\u00d1AS<\/strong> sobre el raid delictivo ejecutado entre la madrugada y la ma\u00f1ana de este mi\u00e9rcoles por ambos adolescentes, quienes <strong><em>contar\u00edan con prontuario delictivo<\/em><\/strong>.<\/span><\/p>\n<p><span style=\"color: #000000;\">Primero <strong>sustrajeron una motocicleta marca Yamaha 250cc de una propiedad<\/strong> (<em>de la cual no se brindaron datos<\/em>) y <strong>con el rodado en su poder<\/strong> cerca de las 06:15hs <strong>alcanzaron en la intersecci\u00f3n de calles Alem y Diagonal Jorge Sim\u00f3n<\/strong> <strong>a un mujer (28) a bordo de una bicicleta<\/strong> que se dirig\u00eda a su trabajo.<\/span><\/p>\n<p><span style=\"color: #000000;\">La abordaron y <strong>le arrebataron del canasto un bolso con ropas varias, una ri\u00f1onera y $4.000<\/strong> para luego darse a la fuga raudamente. La v\u00edctima comunic\u00f3 lo sucedido al 911 por lo que <strong>personal policial se aboc\u00f3 a la b\u00fasqueda<\/strong> de los <em>motochorros<\/em>. <strong>En la esquina de calles Zeballos y Alem, los uniformados los alcanzaron y aprehendieron<\/strong>.\u00a0<\/span><\/p>\n<p><span style=\"color: #000000;\">Fueron trasladados junto con el secuestro a Comisar\u00eda 14\u00b0 donde quedaron supeditados a una causa caratulada como &#8216;<strong><em>Averiguaci\u00f3n Hurto<\/em><\/strong>&#8216; bajo disposici\u00f3n de la Justicia. <strong>Alrededor de las 11hs recuperaron la libertad.<\/strong><\/span><\/p>\n","protected":false},"excerpt":{"rendered":"<p>Dos menores de 16 a\u00f1os fueron aprehendidos por la Polic\u00eda luego de robar una motocicleta y con la misma asaltar a &#8230;<\/p>\n","protected":false},"author":8,"featured_media":15222,"comment_status":"open","ping_status":"open","sticky":false,"template":"","format":"standard","meta":{"footnotes":""},"categories":[5,4],"tags":[],"class_list":["post-106843","post","type-post","status-publish","format-standard","has-post-thumbnail","hentry","category-actualidad","category-policiales"],"_links":{"self":[{"href":"https:\/\/vinasfm.com\/noticias\/wp-json\/wp\/v2\/posts\/106843","targetHints":{"allow":["GET"]}}],"collection":[{"href":"https:\/\/vinasfm.com\/noticias\/wp-json\/wp\/v2\/posts"}],"about":[{"href":"https:\/\/vinasfm.com\/noticias\/wp-json\/wp\/v2\/types\/post"}],"author":[{"embeddable":true,"href":"https:\/\/vinasfm.com\/noticias\/wp-json\/wp\/v2\/users\/8"}],"replies":[{"embeddable":true,"href":"https:\/\/vinasfm.com\/noticias\/wp-json\/wp\/v2\/comments?post=106843"}],"version-history":[{"count":5,"href":"https:\/\/vinasfm.com\/noticias\/wp-json\/wp\/v2\/posts\/106843\/revisions"}],"predecessor-version":[{"id":106863,"href":"https:\/\/vinasfm.com\/noticias\/wp-json\/wp\/v2\/posts\/106843\/revisions\/106863"}],"wp:featuredmedia":[{"embeddable":true,"href":"https:\/\/vinasfm.com\/noticias\/wp-json\/wp\/v2\/media\/15222"}],"wp:attachment":[{"href":"https:\/\/vinasfm.com\/noticias\/wp-json\/wp\/v2\/media?parent=106843"}],"wp:term":[{"taxonomy":"category","embeddable":true,"href":"https:\/\/vinasfm.com\/noticias\/wp-json\/wp\/v2\/categories?post=106843"},{"taxonomy":"post_tag","embeddable":true,"href":"https:\/\/vinasfm.com\/noticias\/wp-json\/wp\/v2\/tags?post=106843"}],"curies":[{"name":"wp","href":"https:\/\/api.w.org\/{rel}","templated":true}]}}