{"id":106830,"date":"2022-03-23T23:15:24","date_gmt":"2022-03-24T02:15:24","guid":{"rendered":"http:\/\/vinasfm.com\/noticias\/?p=106830"},"modified":"2022-03-25T10:46:21","modified_gmt":"2022-03-25T13:46:21","slug":"robaron-herramientas-en-una-propiedad-centrica-2","status":"publish","type":"post","link":"https:\/\/vinasfm.com\/noticias\/robaron-herramientas-en-una-propiedad-centrica-2\/","title":{"rendered":"ROBARON HERRAMIENTAS EN UNA PROPIEDAD C\u00c9NTRICA"},"content":{"rendered":"<h4><span style=\"color: #000000;\"><strong>En horas de la madrugada de este mi\u00e9rcoles, delincuentes ingresaron a una propiedad ubicada en calle Intendente Morales 253 y se llevaron una importante cantidad de herramientas.<\/strong><\/span><\/h4>\n<p><span style=\"color: #000000;\">Se trata de una <strong>obra en construcci\u00f3n perteneciente al ex presidente de la C\u00e1mara de Comercio Andr\u00e9s Vavrik<\/strong>, ubicada a escasos metros de Comisar\u00eda 14\u00b0.<\/span><\/p>\n<p><span style=\"color: #000000;\">Seg\u00fan confirm\u00f3 Vavrik en di\u00e1logo con <strong>F.M. VI\u00d1AS<\/strong> los delincuentes ingresaron al lugar &#8216;<strong><em>escalando por las paredes de propiedades vecina y en el interior se apoderaron de taladros, cortadoras de cemento, rotomartillos, entre otras herramientas de r\u00e1pida reventa, pertenecientes al alba\u00f1il que trabaja all\u00ed<\/em><\/strong>&#8216;.<\/span><\/p>\n<p><span style=\"color: #000000;\">Para salir de la obra <strong>armaron escaleras con las tablas que hab\u00eda en el lugar<\/strong>. Al momento no hay informaci\u00f3n oficial sobre el hecho. Andr\u00e9s pidi\u00f3 a la comunidad que <strong>en caso de saber el paradero de los elementos sustra\u00eddos se comuniquen al 911<\/strong>.<\/span><\/p>\n","protected":false},"excerpt":{"rendered":"<p>En horas de la madrugada de este mi\u00e9rcoles, delincuentes ingresaron a una propiedad ubicada en calle Intendente Morales 253 y se &#8230;<\/p>\n","protected":false},"author":8,"featured_media":63435,"comment_status":"open","ping_status":"open","sticky":false,"template":"","format":"standard","meta":{"footnotes":""},"categories":[5,4],"tags":[],"class_list":["post-106830","post","type-post","status-publish","format-standard","has-post-thumbnail","hentry","category-actualidad","category-policiales"],"_links":{"self":[{"href":"https:\/\/vinasfm.com\/noticias\/wp-json\/wp\/v2\/posts\/106830","targetHints":{"allow":["GET"]}}],"collection":[{"href":"https:\/\/vinasfm.com\/noticias\/wp-json\/wp\/v2\/posts"}],"about":[{"href":"https:\/\/vinasfm.com\/noticias\/wp-json\/wp\/v2\/types\/post"}],"author":[{"embeddable":true,"href":"https:\/\/vinasfm.com\/noticias\/wp-json\/wp\/v2\/users\/8"}],"replies":[{"embeddable":true,"href":"https:\/\/vinasfm.com\/noticias\/wp-json\/wp\/v2\/comments?post=106830"}],"version-history":[{"count":1,"href":"https:\/\/vinasfm.com\/noticias\/wp-json\/wp\/v2\/posts\/106830\/revisions"}],"predecessor-version":[{"id":106832,"href":"https:\/\/vinasfm.com\/noticias\/wp-json\/wp\/v2\/posts\/106830\/revisions\/106832"}],"wp:featuredmedia":[{"embeddable":true,"href":"https:\/\/vinasfm.com\/noticias\/wp-json\/wp\/v2\/media\/63435"}],"wp:attachment":[{"href":"https:\/\/vinasfm.com\/noticias\/wp-json\/wp\/v2\/media?parent=106830"}],"wp:term":[{"taxonomy":"category","embeddable":true,"href":"https:\/\/vinasfm.com\/noticias\/wp-json\/wp\/v2\/categories?post=106830"},{"taxonomy":"post_tag","embeddable":true,"href":"https:\/\/vinasfm.com\/noticias\/wp-json\/wp\/v2\/tags?post=106830"}],"curies":[{"name":"wp","href":"https:\/\/api.w.org\/{rel}","templated":true}]}}