{"id":106819,"date":"2022-03-23T10:17:27","date_gmt":"2022-03-23T13:17:27","guid":{"rendered":"http:\/\/vinasfm.com\/noticias\/?p=106819"},"modified":"2022-03-24T11:30:49","modified_gmt":"2022-03-24T14:30:49","slug":"este-viernes-comienza-la-vacunacion-antigripal-en-mendoza","status":"publish","type":"post","link":"https:\/\/vinasfm.com\/noticias\/este-viernes-comienza-la-vacunacion-antigripal-en-mendoza\/","title":{"rendered":"ESTE VIERNES COMIENZA LA VACUNACI\u00d3N ANTIGRIPAL EN MENDOZA"},"content":{"rendered":"<h4><span style=\"color: #000000;\"><strong>El Ministerio de Salud, Desarrollo Social y Deportes informa que la campa\u00f1a de vacunaci\u00f3n contra la gripe se inicia este viernes. Los primeros en ser inoculados ser\u00e1n los equipos de salud. En los pr\u00f3ximos d\u00edas se anunciaran las fechas para las personas mayores de 65 a\u00f1os y los restantes grupos priorizados.<\/strong><\/span><\/h4>\n<p><span style=\"color: #000000;\">Este a\u00f1o se produce un escenario diferente, donde va a existir circulaci\u00f3n de distintos virus respiratorios, entre ellos la COVID-19 y la gripe, de all\u00ed la importancia de la vacunaci\u00f3n contra estas enfermedades.<\/span><\/p>\n<p><span style=\"color: #000000;\">Asimismo, <strong>se continuar\u00e1 con la vacunaci\u00f3n para completar esquemas de la vacuna contra la COVID-19<\/strong>, como tambi\u00e9n la vacunaci\u00f3n contra el sarampi\u00f3n.<\/span><\/p>\n<p><span style=\"color: #000000;\"><strong>La inoculaci\u00f3n\u00a0contra la gripe se realiza con el fin de disminuir complicaciones graves y hospitalizaciones relacionadas con las enfermedades respiratorias<\/strong>. Todas las personas que tienen condiciones de riesgo deben vacunarse contra la gripe e iniciar o completar el esquema de la vacuna contra el neumococo.<\/span><\/p>\n<p><span style=\"color: #000000;\">Al respecto, la ministra de salud, Ana Mar\u00eda Nadal, expres\u00f3: \u201c<strong><em>En una primera instancia llegar\u00e1n ma\u00f1ana 23 de marzo m\u00e1s de 43.000 dosis a la provincia, que ser\u00e1n distribuidas en los centros de vacunaci\u00f3n para arrancar a vacunar a los profesionales de salud el viernes 25<\/em><\/strong>\u201d.<\/span><\/p>\n<p><span style=\"color: #000000;\">\u201c<strong><em>Es muy importante tener en cuenta que la vacuna se comenzar\u00e1 con los profesionales y luego pasaremos al grupo de mayores de 65 a\u00f1os, ya que estas nuevas dosis que llegan no contienen el componente para ellos. Otro tema importante es que la campa\u00f1a se realizar\u00e1 en el Vacunatorio Central \u00a0y en los centros de salud, son gratuitas para los grupos de riesgo y se pude combinar con la de COVID-19<\/em><\/strong>\u201d, agreg\u00f3 la funcionaria.<\/span><\/p>\n<p><span style=\"color: #000000;\">La vacuna antigripal <strong>est\u00e1 indicada para el personal de salud, los mayores de 65 a\u00f1os, personas gestantes y pu\u00e9rperas, ni\u00f1as y ni\u00f1os de 6 a 24 meses y personas de 2 a 64 a\u00f1os con distintas condiciones<\/strong> como obesidad, diabetes, enfermedades respiratorias, enfermedades card\u00edacas, inmunodeficiencias cong\u00e9nitas o adquiridas, pacientes oncohematol\u00f3gicos, trasplantados o personas con insuficiencia renal cr\u00f3nica en di\u00e1lisis.\u00a0<\/span><\/p>\n<p><span style=\"color: #000000;\">Se debe aclarar que, <strong>en el caso de embarazo, la persona gestante debe recibir la vacuna antigripal en cualquier trimestre de gestaci\u00f3n<\/strong> y la <strong>vacuna triple bacteriana acelular (DTPa) a partir de la semana 20 de gestaci\u00f3n<\/strong>.<\/span><\/p>\n<p><span style=\"color: #000000;\">Es de vital relevancia que<strong> las personas que integran los grupos de riesgo se vacunen antes de la llegada de los fr\u00edos m\u00e1s intensos<\/strong>. De esta manera se protege a los m\u00e1s vulnerables de complicaciones graves y no se sobrecarga el sistema de salud.<\/span><\/p>\n<p><span style=\"color: #000000;\">Tambi\u00e9n <strong>se incorporar\u00e1 a la campa\u00f1a de vacunaci\u00f3n al personal estrat\u00e9gico<\/strong>, en funci\u00f3n de la disponibilidad de dosis y la din\u00e1mica habitual de la vacunaci\u00f3n antigripal.<\/span><\/p>\n<p><span style=\"color: #000000;\">Como en los a\u00f1os precedentes, la vacunaci\u00f3n de la poblaci\u00f3n objetivo podr\u00e1 realizarse de manera sucesiva o simult\u00e1nea dependiendo de la disponibilidad de dosis, capacidades operativas y respondiendo a un orden din\u00e1mico.<\/span><\/p>\n<h4><span style=\"color: #000000;\"><strong>No es necesario presentar prescripci\u00f3n m\u00e9dica<\/strong><\/span><\/h4>\n<p><span style=\"color: #000000;\">Con el objetivo de promover la vacunaci\u00f3n de personas pertenecientes a grupos de riesgo en centros p\u00fablicos o privados, no ser\u00e1 necesaria la presentaci\u00f3n de la prescripci\u00f3n m\u00e9dica como requisito excluyente para dicho acto. Se incorporar\u00e1, como estrategia adicional y, en su remplazo, <strong>la presentaci\u00f3n por parte del ciudadano de cualquier documentaci\u00f3n que certifique la existencia de enfermedades preexistentes<\/strong> incluidas entre los factores de riesgo enumerados a continuaci\u00f3n:<\/span><\/p>\n<ul>\n<li><span style=\"color: #000000;\">Enfermedades respiratorias cr\u00f3nicas: hernia diafragm\u00e1tica, enfermedad pulmonar obstructiva cr\u00f3nica (EPOC), enfisema cong\u00e9nito, displasia broncopulmonar, traqueotomizados cr\u00f3nicos, bronquiectasias, fibrosis qu\u00edstica, asma moderada y grave en a\u00f1os previos.<\/span><\/li>\n<li><span style=\"color: #000000;\">Enfermedades card\u00edacas: insuficiencia card\u00edaca, enfermedad coronaria, reemplazo valvular, valvulopat\u00edas; cardiopat\u00edas cong\u00e9nitas, inmunodeficiencias cong\u00e9nitas o adquiridas (no oncohematol\u00f3gica).<\/span><\/li>\n<li><span style=\"color: #000000;\">Infecci\u00f3n por VIH\/sida. Utilizaci\u00f3n de medicaci\u00f3n inmunosupresora o corticoides en altas dosis (mayor a 2 mg\/kg\/d\u00eda de metilprednisona o m\u00e1s de 20 mg\/d\u00eda o su equivalente por m\u00e1s de 14 d\u00edas); inmunodeficiencia cong\u00e9nita; asplenia funcional o anat\u00f3mica (incluida anemia drepanoc\u00edtica); desnutrici\u00f3n grave.<\/span><\/li>\n<li><span style=\"color: #000000;\">Pacientes oncohematol\u00f3gicos y trasplantados. Tumor de \u00f3rgano s\u00f3lido en tratamiento; enfermedad oncohematol\u00f3gica, hasta seis meses posteriores a la remisi\u00f3n completa; trasplantados de \u00f3rganos s\u00f3lidos o precursores hematopoy\u00e9ticos.<\/span><\/li>\n<li><span style=\"color: #000000;\">Obesidad m\u00f3rbida (con \u00edndice de masa corporal mayor a 40 kg\/m2). Diabetes; insuficiencia renal cr\u00f3nica en di\u00e1lisis o expectativas de ingresar a di\u00e1lisis en los siguientes seis meses<\/span><\/li>\n<\/ul>\n<h4><span style=\"color: #000000;\"><strong>Se podr\u00e1 administrar juntas la vacuna contra la gripe junto a la vacuna contra COVID-19<\/strong><\/span><\/h4>\n<p><span style=\"color: #000000;\">Las vacunas antigripales pueden coadministrarse junto con otras vacunas en diferentes sitios anat\u00f3micos, incluyendo las vacunas contra COVID-19<\/span><\/p>\n<p><span style=\"color: #000000;\">Si bien no existen contraindicaciones m\u00e9dicas para administrar vacunas (incluida vacuna antigripal) en pacientes con diagn\u00f3stico de COVID-19, se recomienda posponer la vacunaci\u00f3n con el objetivo de evitar la trasmisi\u00f3n viral y propagaci\u00f3n de la enfermedad, pudiendo recibir las vacunas tras el alta cl\u00ednica y epidemiol\u00f3gica.<\/span><\/p>\n","protected":false},"excerpt":{"rendered":"<p>El Ministerio de Salud, Desarrollo Social y Deportes informa que la campa\u00f1a de vacunaci\u00f3n contra la gripe se inicia este viernes. &#8230;<\/p>\n","protected":false},"author":8,"featured_media":103049,"comment_status":"open","ping_status":"open","sticky":false,"template":"","format":"standard","meta":{"footnotes":""},"categories":[5,15],"tags":[],"class_list":["post-106819","post","type-post","status-publish","format-standard","has-post-thumbnail","hentry","category-actualidad","category-salud"],"_links":{"self":[{"href":"https:\/\/vinasfm.com\/noticias\/wp-json\/wp\/v2\/posts\/106819","targetHints":{"allow":["GET"]}}],"collection":[{"href":"https:\/\/vinasfm.com\/noticias\/wp-json\/wp\/v2\/posts"}],"about":[{"href":"https:\/\/vinasfm.com\/noticias\/wp-json\/wp\/v2\/types\/post"}],"author":[{"embeddable":true,"href":"https:\/\/vinasfm.com\/noticias\/wp-json\/wp\/v2\/users\/8"}],"replies":[{"embeddable":true,"href":"https:\/\/vinasfm.com\/noticias\/wp-json\/wp\/v2\/comments?post=106819"}],"version-history":[{"count":4,"href":"https:\/\/vinasfm.com\/noticias\/wp-json\/wp\/v2\/posts\/106819\/revisions"}],"predecessor-version":[{"id":106827,"href":"https:\/\/vinasfm.com\/noticias\/wp-json\/wp\/v2\/posts\/106819\/revisions\/106827"}],"wp:featuredmedia":[{"embeddable":true,"href":"https:\/\/vinasfm.com\/noticias\/wp-json\/wp\/v2\/media\/103049"}],"wp:attachment":[{"href":"https:\/\/vinasfm.com\/noticias\/wp-json\/wp\/v2\/media?parent=106819"}],"wp:term":[{"taxonomy":"category","embeddable":true,"href":"https:\/\/vinasfm.com\/noticias\/wp-json\/wp\/v2\/categories?post=106819"},{"taxonomy":"post_tag","embeddable":true,"href":"https:\/\/vinasfm.com\/noticias\/wp-json\/wp\/v2\/tags?post=106819"}],"curies":[{"name":"wp","href":"https:\/\/api.w.org\/{rel}","templated":true}]}}