{"id":106800,"date":"2022-03-23T22:41:05","date_gmt":"2022-03-24T01:41:05","guid":{"rendered":"http:\/\/vinasfm.com\/noticias\/?p=106800"},"modified":"2022-03-25T10:46:49","modified_gmt":"2022-03-25T13:46:49","slug":"robaron-un-transformador-que-suministraba-energia-electrica-en-colonia-lopez","status":"publish","type":"post","link":"https:\/\/vinasfm.com\/noticias\/robaron-un-transformador-que-suministraba-energia-electrica-en-colonia-lopez\/","title":{"rendered":"SUSTRAJERON UN TRANSFORMADOR QUE SUMINISTRABA ENERG\u00cdA EL\u00c9CTRICA EN COLONIA L\u00d3PEZ"},"content":{"rendered":"<h4><span style=\"color: #000000;\"><span style=\"color: #000000;\">En el marco de los reiterados robos de transformadores registrados en la regi\u00f3n, en las \u00faltimas horas autoridades policiales informaron sobre la sustracci\u00f3n de un transformador en Colonia L\u00f3pez.<\/span><\/span><\/h4>\n<p><span style=\"color: #000000;\">Desde <strong>Comisar\u00eda 26\u00b0<\/strong> se\u00f1alaron que en alrededor de las 12hs de este martes, <em>Edemsa<\/em> comunic\u00f3 que un vecino que posee una <strong>propiedad en calle P\u00fablica 1, 100 metros al sur de Ruta 143 de Villa Atuel<\/strong>, no contaba con suministro el\u00e9ctrico.<\/span><\/p>\n<p><span style=\"color: #000000;\">Al acudir personal policial <strong>constataron que el transformador trif\u00e1sico instalado en el lugar hab\u00eda sido derribado y sustra\u00eddo<\/strong>. <\/span><\/p>\n<p><span style=\"color: #000000;\">No se ha precisado el d\u00eda en el que que se ejecut\u00f3 el delito ya que la v\u00edctima hac\u00eda un mes que no iba a la finca y es el \u00fanico que hac\u00eda uso del servicio.<\/span><\/p>\n","protected":false},"excerpt":{"rendered":"<p>En el marco de los reiterados robos de transformadores registrados en la regi\u00f3n, en las \u00faltimas horas autoridades policiales informaron sobre &#8230;<\/p>\n","protected":false},"author":8,"featured_media":7429,"comment_status":"open","ping_status":"open","sticky":false,"template":"","format":"standard","meta":{"footnotes":""},"categories":[5,4],"tags":[],"class_list":["post-106800","post","type-post","status-publish","format-standard","has-post-thumbnail","hentry","category-actualidad","category-policiales"],"_links":{"self":[{"href":"https:\/\/vinasfm.com\/noticias\/wp-json\/wp\/v2\/posts\/106800","targetHints":{"allow":["GET"]}}],"collection":[{"href":"https:\/\/vinasfm.com\/noticias\/wp-json\/wp\/v2\/posts"}],"about":[{"href":"https:\/\/vinasfm.com\/noticias\/wp-json\/wp\/v2\/types\/post"}],"author":[{"embeddable":true,"href":"https:\/\/vinasfm.com\/noticias\/wp-json\/wp\/v2\/users\/8"}],"replies":[{"embeddable":true,"href":"https:\/\/vinasfm.com\/noticias\/wp-json\/wp\/v2\/comments?post=106800"}],"version-history":[{"count":6,"href":"https:\/\/vinasfm.com\/noticias\/wp-json\/wp\/v2\/posts\/106800\/revisions"}],"predecessor-version":[{"id":106806,"href":"https:\/\/vinasfm.com\/noticias\/wp-json\/wp\/v2\/posts\/106800\/revisions\/106806"}],"wp:featuredmedia":[{"embeddable":true,"href":"https:\/\/vinasfm.com\/noticias\/wp-json\/wp\/v2\/media\/7429"}],"wp:attachment":[{"href":"https:\/\/vinasfm.com\/noticias\/wp-json\/wp\/v2\/media?parent=106800"}],"wp:term":[{"taxonomy":"category","embeddable":true,"href":"https:\/\/vinasfm.com\/noticias\/wp-json\/wp\/v2\/categories?post=106800"},{"taxonomy":"post_tag","embeddable":true,"href":"https:\/\/vinasfm.com\/noticias\/wp-json\/wp\/v2\/tags?post=106800"}],"curies":[{"name":"wp","href":"https:\/\/api.w.org\/{rel}","templated":true}]}}