{"id":106792,"date":"2022-03-23T23:00:43","date_gmt":"2022-03-24T02:00:43","guid":{"rendered":"http:\/\/vinasfm.com\/noticias\/?p=106792"},"modified":"2022-03-25T10:46:42","modified_gmt":"2022-03-25T13:46:42","slug":"la-junta-de-discapacidad-se-presento-en-el-cic-de-bowen","status":"publish","type":"post","link":"https:\/\/vinasfm.com\/noticias\/la-junta-de-discapacidad-se-presento-en-el-cic-de-bowen\/","title":{"rendered":"LA JUNTA DE DISCAPACIDAD SE PRESENT\u00d3 EN EL CIC DE BOWEN"},"content":{"rendered":"<h4><span style=\"color: #000000;\"><strong>Tania Roccasalvo, Asesora de Discapacidad, y Cecilia Ariet, Directora de Familia, dieron detalles sobre la Junta de Discapacidad que se llev\u00f3 a cabo en el CIC de Bowen durante la ma\u00f1ana de este martes.<\/strong><\/span><\/h4>\n<p><span style=\"color: #000000;\">La <strong>Junta de Discapacidad se present\u00f3 en el CIC de Bowen<\/strong>, donde se realizaron los tr\u00e1mites del Certificado de Discapacidad. El hecho de que se visiten los distritos, es una forma de facilitarle el tr\u00e1mite a los vecinos y que no tengan que movilizarse hasta Ciudad: \u201c<strong><em>Esta es una buena forma de llegar a los distritos, los tr\u00e1mites se realizan con turnos previos y el equipo brinda toda la informaci\u00f3n para que los vecinos puedan realizar sus tr\u00e1mites<\/em><\/strong>\u201d, explic\u00f3 la <strong>Directora de Familia Cecilia Ariet<\/strong>, quien agreg\u00f3 que para acceder al CUD, es necesario certificar una serie de pasos.<\/span><\/p>\n<p><span style=\"color: #000000;\">La <strong>Asesora de Discapacidad Tania Rocassalvo<\/strong>, brind\u00f3 m\u00e1s detalles sobre el tr\u00e1mite: \u201c<strong><em>La persona tiene que presentar la documentaci\u00f3n que se requiere, a trav\u00e9s de la Asesor\u00eda, esa documentaci\u00f3n tiene que ser completada por profesionales y luego la Junta de Discapacidad lo eval\u00faa<\/em><\/strong>\u201d.<\/span><\/p>\n<p><span style=\"color: #000000;\"><strong>Este Certificado de Discapacidad es fundamental para el cumplimiento de derechos<\/strong>, ya que las personas con discapacidad acceden a beneficios como estacionamiento, eximici\u00f3n en algunos impuestos, y ya se puede tramitar una pensi\u00f3n en Anses.<\/span><\/p>\n","protected":false},"excerpt":{"rendered":"<p>Tania Roccasalvo, Asesora de Discapacidad, y Cecilia Ariet, Directora de Familia, dieron detalles sobre la Junta de Discapacidad que se llev\u00f3 &#8230;<\/p>\n","protected":false},"author":8,"featured_media":106794,"comment_status":"open","ping_status":"open","sticky":false,"template":"","format":"standard","meta":{"footnotes":""},"categories":[5,10],"tags":[],"class_list":["post-106792","post","type-post","status-publish","format-standard","has-post-thumbnail","hentry","category-actualidad","category-destacadas"],"_links":{"self":[{"href":"https:\/\/vinasfm.com\/noticias\/wp-json\/wp\/v2\/posts\/106792","targetHints":{"allow":["GET"]}}],"collection":[{"href":"https:\/\/vinasfm.com\/noticias\/wp-json\/wp\/v2\/posts"}],"about":[{"href":"https:\/\/vinasfm.com\/noticias\/wp-json\/wp\/v2\/types\/post"}],"author":[{"embeddable":true,"href":"https:\/\/vinasfm.com\/noticias\/wp-json\/wp\/v2\/users\/8"}],"replies":[{"embeddable":true,"href":"https:\/\/vinasfm.com\/noticias\/wp-json\/wp\/v2\/comments?post=106792"}],"version-history":[{"count":1,"href":"https:\/\/vinasfm.com\/noticias\/wp-json\/wp\/v2\/posts\/106792\/revisions"}],"predecessor-version":[{"id":106795,"href":"https:\/\/vinasfm.com\/noticias\/wp-json\/wp\/v2\/posts\/106792\/revisions\/106795"}],"wp:featuredmedia":[{"embeddable":true,"href":"https:\/\/vinasfm.com\/noticias\/wp-json\/wp\/v2\/media\/106794"}],"wp:attachment":[{"href":"https:\/\/vinasfm.com\/noticias\/wp-json\/wp\/v2\/media?parent=106792"}],"wp:term":[{"taxonomy":"category","embeddable":true,"href":"https:\/\/vinasfm.com\/noticias\/wp-json\/wp\/v2\/categories?post=106792"},{"taxonomy":"post_tag","embeddable":true,"href":"https:\/\/vinasfm.com\/noticias\/wp-json\/wp\/v2\/tags?post=106792"}],"curies":[{"name":"wp","href":"https:\/\/api.w.org\/{rel}","templated":true}]}}