{"id":106788,"date":"2022-03-25T23:59:06","date_gmt":"2022-03-26T02:59:06","guid":{"rendered":"http:\/\/vinasfm.com\/noticias\/?p=106788"},"modified":"2022-03-28T09:58:09","modified_gmt":"2022-03-28T12:58:09","slug":"ya-se-puede-completar-el-censo-digital-2022","status":"publish","type":"post","link":"https:\/\/vinasfm.com\/noticias\/ya-se-puede-completar-el-censo-digital-2022\/","title":{"rendered":"YA SE PUEDE COMPLETAR EL CENSO DIGITAL 2022"},"content":{"rendered":"<h4><span style=\"color: #000000;\"><strong>Este martes, el titular de la DEIE (Direcci\u00f3n de Estad\u00edsticas e Investigaciones Econ\u00f3micas de Mendoza) Facundo Biffi, lleg\u00f3 al Departamento para dar detalles sobre el Censo Nacional 2022. El funcionario vino acompa\u00f1ado del Ministro de Econom\u00eda y Energ\u00eda Enrique Vaqui\u00e9, y del Delegado de zona sur del Ministerio Edgar Rodr\u00edguez.<\/strong><\/span><\/h4>\n<p><span style=\"color: #000000;\">Con el objetivo de brindar mayores detalles acerca del Censo 2022, en la ma\u00f1ana de este lunes estuvo en nuestro departamento <strong>Facundo Biffi<\/strong>, titular de la DEIE: \u201c<strong><em>Cuenta con dos modalidades, una virtual y otra presencial, casa por casa<\/em><\/strong>\u201d expres\u00f3 el Secretario de Gobierno Mariano Varela, quien remarc\u00f3 la importancia de la realizaci\u00f3n de este Censo.<\/span><\/p>\n<p><span style=\"color: #000000;\">Por su parte, el titular de la DEIE, brind\u00f3 m\u00e1s detalles acerca del Censo 2022: \u201c<strong><em>Cuenta con dos instancias, una virtual donde las personas pueden completar un formulario digital que es igual al formulario que recibir\u00edan de forma presencial. El 18 de Mayo se realizar\u00e1 la segunda instancia, donde ser\u00e1n visitados por un censista en su casa, se va a pedir que respondan el cuestionario, pero la novedad es lo digital<\/em><\/strong>\u201d. Es importante destacar que una vez completado el cuestionario digital, se entrega un c\u00f3digo que debe ser entregado al censista el 18 de Mayo, lo que agiliza el tr\u00e1mite.<\/span><\/p>\n<p><span style=\"color: #000000;\">Asimismo, Biffi pidi\u00f3 que el pr\u00f3ximo 18 de Mayo, que ser\u00e1 feriado, la gente permanezca en su hogar para colaborar con los censista y el barrido territorial que se realiza: \u201c<strong><em>Este es el mayo desaf\u00edo estad\u00edstico que tenemos, nosotros estamos trabajando en esto desde hace cuatro a\u00f1os. Contamos con una buena cantidad de censistas voluntarios inscriptos, estimamos que necesitamos unos 22 mil censistas en la calle y ya tenemos 25 mil voluntarios, adem\u00e1s de la estructura docente que siempre ha participado del relevamiento<\/em><\/strong>\u201d.<\/span><\/p>\n<p><span style=\"color: #000000;\">Es importante tener en cuenta que este relevamiento reviste vital importancia, y por ello se pide a la ciudadan\u00eda que sea lo m\u00e1s honesto posible a la hora de completar el formulario para conocer la realidad educativa y edilicia de la regi\u00f3n.<\/span><\/p>\n<p><span style=\"color: #000000;\">Hay tiempo de completar el <strong>Censo Digital<\/strong> hasta el d\u00eda 18 de Mayo. Para m\u00e1s informaci\u00f3n o para completarlo, se debe ingresar al siguiente link: <a href=\"https:\/\/www.censo.gob.ar\"><strong>https:\/\/www.censo.gob.ar<\/strong><\/a><\/span><\/p>\n","protected":false},"excerpt":{"rendered":"<p>Este martes, el titular de la DEIE (Direcci\u00f3n de Estad\u00edsticas e Investigaciones Econ\u00f3micas de Mendoza) Facundo Biffi, lleg\u00f3 al Departamento para &#8230;<\/p>\n","protected":false},"author":8,"featured_media":106789,"comment_status":"open","ping_status":"open","sticky":false,"template":"","format":"standard","meta":{"footnotes":""},"categories":[5,10],"tags":[],"class_list":["post-106788","post","type-post","status-publish","format-standard","has-post-thumbnail","hentry","category-actualidad","category-destacadas"],"_links":{"self":[{"href":"https:\/\/vinasfm.com\/noticias\/wp-json\/wp\/v2\/posts\/106788","targetHints":{"allow":["GET"]}}],"collection":[{"href":"https:\/\/vinasfm.com\/noticias\/wp-json\/wp\/v2\/posts"}],"about":[{"href":"https:\/\/vinasfm.com\/noticias\/wp-json\/wp\/v2\/types\/post"}],"author":[{"embeddable":true,"href":"https:\/\/vinasfm.com\/noticias\/wp-json\/wp\/v2\/users\/8"}],"replies":[{"embeddable":true,"href":"https:\/\/vinasfm.com\/noticias\/wp-json\/wp\/v2\/comments?post=106788"}],"version-history":[{"count":2,"href":"https:\/\/vinasfm.com\/noticias\/wp-json\/wp\/v2\/posts\/106788\/revisions"}],"predecessor-version":[{"id":106791,"href":"https:\/\/vinasfm.com\/noticias\/wp-json\/wp\/v2\/posts\/106788\/revisions\/106791"}],"wp:featuredmedia":[{"embeddable":true,"href":"https:\/\/vinasfm.com\/noticias\/wp-json\/wp\/v2\/media\/106789"}],"wp:attachment":[{"href":"https:\/\/vinasfm.com\/noticias\/wp-json\/wp\/v2\/media?parent=106788"}],"wp:term":[{"taxonomy":"category","embeddable":true,"href":"https:\/\/vinasfm.com\/noticias\/wp-json\/wp\/v2\/categories?post=106788"},{"taxonomy":"post_tag","embeddable":true,"href":"https:\/\/vinasfm.com\/noticias\/wp-json\/wp\/v2\/tags?post=106788"}],"curies":[{"name":"wp","href":"https:\/\/api.w.org\/{rel}","templated":true}]}}