{"id":106785,"date":"2022-03-23T10:30:43","date_gmt":"2022-03-23T13:30:43","guid":{"rendered":"http:\/\/vinasfm.com\/noticias\/?p=106785"},"modified":"2022-03-25T10:47:14","modified_gmt":"2022-03-25T13:47:14","slug":"el-programa-mendoza-emprende-semilla-brinda-beneficios-a-emprendedores-de-alvear","status":"publish","type":"post","link":"https:\/\/vinasfm.com\/noticias\/el-programa-mendoza-emprende-semilla-brinda-beneficios-a-emprendedores-de-alvear\/","title":{"rendered":"EL PROGRAMA MENDOZA EMPRENDE SEMILLA BRINDA BENEFICIOS A EMPRENDEDORES DE ALVEAR"},"content":{"rendered":"<h4><span style=\"color: #000000;\"><strong>El Ministro de Econom\u00eda y Energ\u00eda, Enrique Vaqui\u00e9, junto a su equipo, brind\u00f3 detalles sobre la nueva convocatoria al programa Mendoza Emprende Semilla. Lo hizo desde el emprendimiento metal\u00fargico Ballesteros Soluciones Electr\u00f3nicas, uno de los beneficiarios de este Programa.<\/strong><\/span><\/h4>\n<p><span style=\"color: #000000;\">Marcos Caro, Director de Desarrollo Econ\u00f3mico e Innovaci\u00f3n, se refiri\u00f3 a la visita de Enrique Vaqui\u00e9 a un emprendimiento local, para anunciar una nueva convocatoria del Programa Mendoza Emprende Semilla: \u201c<strong><em>Estamos en un emprendimiento local para que puedan observar c\u00f3mo se ha utilizado el cr\u00e9dito de los fondos del programa Emprende Semilla<\/em><\/strong>\u201d, remarc\u00f3 el funcionario.<\/span><\/p>\n<p><span style=\"color: #000000;\">Por su parte, el <strong>Ministro de Econom\u00eda y Energ\u00eda, Enrique Vaqui\u00e9<\/strong>, expres\u00f3: \u201c<strong><em>Durante la primera etapa se presentaron en Alvear 116 emprendedores, sobre 1157 en toda la provincia, es decir que uno de cada 10 emprendedores fue de ac\u00e1 de Alvear<\/em><\/strong>\u201d, remarc\u00f3 el Ministro, quien agreg\u00f3 que <strong>a partir de las 00hs del 23 de Marzo se abre un nuevo llamado<\/strong> al que podr\u00e1n presentarse todos los emprendedores, incluso aquellos que ya participaron del primer llamado.<\/span><\/p>\n<p><span style=\"color: #000000;\">Las condiciones para participar son las mismas del primer llamado, en el que el 40% de lo que se pida es un subsidio provincial y el 60% restante un cr\u00e9dito con una <strong>tasa fija del 12% a 24 meses<\/strong>, teniendo un top de 300 mil pesos: \u201c<strong><em>Invitamos a todos los emprendedores a que se inscriban porque se trabaj\u00f3 muy bien en el primer llamado<\/em><\/strong>\u201d, dijo Vaqui\u00e9.<\/span><\/p>\n<p><span style=\"color: #000000;\">El <strong>Ing. Diego Videla<\/strong> (socio de \u201c<em>Ballesteros Soluciones Electromec\u00e1nicas<\/em>\u201d), emprendedor y beneficiario del Programa Mendoza Emprende Semilla, cont\u00f3 su experiencia: \u201c<strong><em>Este es un proyecto que se viene gestando desde hace m\u00e1s de 10 a\u00f1os, y en este caso se est\u00e1 entregando material instrumental de medici\u00f3n para realizar mediciones en las piezas de precisi\u00f3n que estamos terminando. Este material fue adquirido mediante esta l\u00ednea de financiaci\u00f3n y estamos muy agradecidos<\/em><\/strong>\u201d.<\/span><\/p>\n<p><span style=\"color: #000000;\">En la misma l\u00ednea, Lucas Ballesteros, propietario de este emprendimiento manifest\u00f3: \u201c<strong><em>Se dieron todas las condiciones para unirnos y hacer frente a este tipo de trabajos, que son muy exigentes, pero ya contamos con las herramientas necesarias. Este tipo de financiamiento nos permite contar con todo el herramental junto y poder pagarlo en el tiempo, lo que nos ayuda mucho<\/em><\/strong>\u201d.<\/span><\/p>\n","protected":false},"excerpt":{"rendered":"<p>El Ministro de Econom\u00eda y Energ\u00eda, Enrique Vaqui\u00e9, junto a su equipo, brind\u00f3 detalles sobre la nueva convocatoria al programa Mendoza &#8230;<\/p>\n","protected":false},"author":8,"featured_media":106786,"comment_status":"open","ping_status":"open","sticky":false,"template":"","format":"standard","meta":{"footnotes":""},"categories":[5,16],"tags":[],"class_list":["post-106785","post","type-post","status-publish","format-standard","has-post-thumbnail","hentry","category-actualidad","category-economia"],"_links":{"self":[{"href":"https:\/\/vinasfm.com\/noticias\/wp-json\/wp\/v2\/posts\/106785","targetHints":{"allow":["GET"]}}],"collection":[{"href":"https:\/\/vinasfm.com\/noticias\/wp-json\/wp\/v2\/posts"}],"about":[{"href":"https:\/\/vinasfm.com\/noticias\/wp-json\/wp\/v2\/types\/post"}],"author":[{"embeddable":true,"href":"https:\/\/vinasfm.com\/noticias\/wp-json\/wp\/v2\/users\/8"}],"replies":[{"embeddable":true,"href":"https:\/\/vinasfm.com\/noticias\/wp-json\/wp\/v2\/comments?post=106785"}],"version-history":[{"count":1,"href":"https:\/\/vinasfm.com\/noticias\/wp-json\/wp\/v2\/posts\/106785\/revisions"}],"predecessor-version":[{"id":106787,"href":"https:\/\/vinasfm.com\/noticias\/wp-json\/wp\/v2\/posts\/106785\/revisions\/106787"}],"wp:featuredmedia":[{"embeddable":true,"href":"https:\/\/vinasfm.com\/noticias\/wp-json\/wp\/v2\/media\/106786"}],"wp:attachment":[{"href":"https:\/\/vinasfm.com\/noticias\/wp-json\/wp\/v2\/media?parent=106785"}],"wp:term":[{"taxonomy":"category","embeddable":true,"href":"https:\/\/vinasfm.com\/noticias\/wp-json\/wp\/v2\/categories?post=106785"},{"taxonomy":"post_tag","embeddable":true,"href":"https:\/\/vinasfm.com\/noticias\/wp-json\/wp\/v2\/tags?post=106785"}],"curies":[{"name":"wp","href":"https:\/\/api.w.org\/{rel}","templated":true}]}}