{"id":106781,"date":"2022-03-23T23:00:46","date_gmt":"2022-03-24T02:00:46","guid":{"rendered":"http:\/\/vinasfm.com\/noticias\/?p=106781"},"modified":"2022-03-25T10:46:35","modified_gmt":"2022-03-25T13:46:35","slug":"areas-del-municipio-y-alumnos-del-colegio-san-martin-limpiaron-el-rio-atuel","status":"publish","type":"post","link":"https:\/\/vinasfm.com\/noticias\/areas-del-municipio-y-alumnos-del-colegio-san-martin-limpiaron-el-rio-atuel\/","title":{"rendered":"\u00c1REAS DEL MUNICIPIO Y ALUMNOS DEL COLEGIO SAN MART\u00cdN LIMPIARON EL R\u00cdO ATUEL"},"content":{"rendered":"<h4><span style=\"color: #000000;\"><strong>En el D\u00eda Mundial del Agua, desde la Direcci\u00f3n de Familia, la Asesor\u00eda de Ni\u00f1ez, Adolescencia y Juventud, y la Direcci\u00f3n de Gesti\u00f3n Ambiental, se coordin\u00f3 una actividad de limpieza del r\u00edo Atuel junto a alumnos del Colegio San Mart\u00edn PS 182.<\/strong><\/span><\/h4>\n<p><span style=\"color: #000000;\">Desde el <strong>Puente el R\u00edo hasta Costanera Alvear<\/strong>, y de manera conjunta entre \u00e1reas del municipio y alumnos de tercer a\u00f1o del Colegio San Mart\u00edn, se realiz\u00f3 una jornada de limpieza en el R\u00edo Atuel.<\/span><\/p>\n<p><span style=\"color: #000000;\">El <strong>Asesor de Ni\u00f1ez, Adolescencia y Juventud, Daniel Quiles<\/strong> brind\u00f3 detalles sobre la actividad de recolecci\u00f3n de residuos que realizaron en el R\u00edo Atuel junto a alumnos del Colegio San Mart\u00edn, en el marco del D\u00eda Mundial del Agua: &#8216;<strong><em>La actividad se realiza para generar conciencia y sensibilizaci\u00f3n en la sociedad sobre este recurso importante para la humanidad, el ecosistema, el desarrollo econ\u00f3mico, las industrias y la actividad agr\u00edcola<\/em><\/strong>&#8216;. detall\u00f3 y subray\u00f3 que los j\u00f3venes son impulsores y promotores de cuidado del medio ambiente.<\/span><\/p>\n<p><span style=\"color: #000000;\">&#8216;<strong><em>Se trata de una actividad recreativa para que los chicos puedan replicarla en sus hogares y en las instituciones a las que asistan. Se dividieron en dos grupos, por lo que algunos realizaron una bajada en kayak por el R\u00edo Atuel y otros por v\u00eda terrestre realizaron Plogging. Todos ellos estuvieron recolectando residuos<\/em><\/strong>&#8216;, subray\u00f3 el funcionario.<\/span><\/p>\n<p><span style=\"color: #000000;\">Por su parte, la <strong>Directora de Familia Cecilia Ariet<\/strong>, satisfecha con la jornada de cuidado del medio ambiente, resalt\u00f3 que en conjunto con la Asesor\u00eda de Juventud y alumnos de San Mart\u00edn &#8216;<strong><em>organizaron esta bajada por el r\u00edo Atuel, efectuando una limpieza en el r\u00edo y a la vera del mismo, en dos grupos, para tener un agua m\u00e1s pura<\/em><\/strong>&#8216;.<\/span><\/p>\n","protected":false},"excerpt":{"rendered":"<p>En el D\u00eda Mundial del Agua, desde la Direcci\u00f3n de Familia, la Asesor\u00eda de Ni\u00f1ez, Adolescencia y Juventud, y la Direcci\u00f3n &#8230;<\/p>\n","protected":false},"author":8,"featured_media":106782,"comment_status":"open","ping_status":"open","sticky":false,"template":"","format":"standard","meta":{"footnotes":""},"categories":[5,34],"tags":[],"class_list":["post-106781","post","type-post","status-publish","format-standard","has-post-thumbnail","hentry","category-actualidad","category-medio-ambiente"],"_links":{"self":[{"href":"https:\/\/vinasfm.com\/noticias\/wp-json\/wp\/v2\/posts\/106781","targetHints":{"allow":["GET"]}}],"collection":[{"href":"https:\/\/vinasfm.com\/noticias\/wp-json\/wp\/v2\/posts"}],"about":[{"href":"https:\/\/vinasfm.com\/noticias\/wp-json\/wp\/v2\/types\/post"}],"author":[{"embeddable":true,"href":"https:\/\/vinasfm.com\/noticias\/wp-json\/wp\/v2\/users\/8"}],"replies":[{"embeddable":true,"href":"https:\/\/vinasfm.com\/noticias\/wp-json\/wp\/v2\/comments?post=106781"}],"version-history":[{"count":2,"href":"https:\/\/vinasfm.com\/noticias\/wp-json\/wp\/v2\/posts\/106781\/revisions"}],"predecessor-version":[{"id":106861,"href":"https:\/\/vinasfm.com\/noticias\/wp-json\/wp\/v2\/posts\/106781\/revisions\/106861"}],"wp:featuredmedia":[{"embeddable":true,"href":"https:\/\/vinasfm.com\/noticias\/wp-json\/wp\/v2\/media\/106782"}],"wp:attachment":[{"href":"https:\/\/vinasfm.com\/noticias\/wp-json\/wp\/v2\/media?parent=106781"}],"wp:term":[{"taxonomy":"category","embeddable":true,"href":"https:\/\/vinasfm.com\/noticias\/wp-json\/wp\/v2\/categories?post=106781"},{"taxonomy":"post_tag","embeddable":true,"href":"https:\/\/vinasfm.com\/noticias\/wp-json\/wp\/v2\/tags?post=106781"}],"curies":[{"name":"wp","href":"https:\/\/api.w.org\/{rel}","templated":true}]}}