{"id":106737,"date":"2022-03-28T08:55:48","date_gmt":"2022-03-28T11:55:48","guid":{"rendered":"http:\/\/vinasfm.com\/noticias\/?p=106737"},"modified":"2022-03-29T09:02:34","modified_gmt":"2022-03-29T12:02:34","slug":"alvear-reporto-2-nuevos-contagios-y-20-recuperados-en-las-ultimas-72-horas","status":"publish","type":"post","link":"https:\/\/vinasfm.com\/noticias\/alvear-reporto-2-nuevos-contagios-y-20-recuperados-en-las-ultimas-72-horas\/","title":{"rendered":"ALVEAR REPORT\u00d3 2 NUEVOS CASOS DE COVID-19 DURANTE LOS \u00daLTIMOS TRES D\u00cdAS"},"content":{"rendered":"<h4><span style=\"color: #000000;\"><strong>El sistema sanitario local inform\u00f3 que de las 22 muestras de PCR procesada en las \u00faltimas 72 horas, 2 arrojaron resultado positivo de Covid-19.\u00a0<\/strong><\/span><\/h4>\n<p><span style=\"color: #000000;\">Al\u00a0momento, el total de casos acumulados en el\u00a0<em><strong>Hospital Enfermeros Argentinos<\/strong><\/em>\u00a0es de\u00a0<strong><em>8.290 <\/em><\/strong>desde el comienzo de la pandemia de los cuales\u00a0<em><strong>23 pacientes transitan actualmente la enfermedad<\/strong><\/em>,\u00a0<em><strong>8.048 se han recuperado y 219 pacientes han perdido la vida.\u00a0<\/strong><\/em><\/span><\/p>\n<h4 style=\"text-align: center;\"><span style=\"color: #000000;\"><strong>INFORME REGI\u00d3N SUR\u00a0<\/strong><\/span><\/h4>\n<p><span style=\"color: #000000;\">Entre<strong> s\u00e1bado, domingo y lunes<\/strong>\u00a0los tres departamentos del Sur se realizaron\u00a0<strong>103 PCR<\/strong>, de las cuales <strong>98 <\/strong><strong>muestras resultaron negativas<\/strong>\u00a0y\u00a0<strong>5 positivas<\/strong>.<\/span><\/p>\n<ul>\n<li><span style=\"color: #000000;\"><em><strong>GENERAL ALVEAR: 2<\/strong><\/em>\u00a0<strong>casos positivos.<\/strong><\/span><\/li>\n<li><span style=\"color: #000000;\"><em><strong>SAN<\/strong><strong>\u00a0RAFAEL:<\/strong><\/em> 3 casos positivos.<\/span><\/li>\n<li><span style=\"color: #000000;\"><strong><em>MALARG\u00dcE<\/em><\/strong>:\u00a0 sin casos positivos.<\/span><\/li>\n<\/ul>\n<p><span style=\"color: #000000;\">Con estas cifras, San Rafael, General Alvear y Malarg\u00fce cuentan con\u00a0<strong>43.186 casos confirmados<\/strong>\u00a0desde el inicio de la pandemia de los cuales\u00a0<strong>41.934 se han recuperado<\/strong>\u00a0y\u00a0<strong>844 han fallecido<\/strong>.<\/span><\/p>\n","protected":false},"excerpt":{"rendered":"<p>El sistema sanitario local inform\u00f3 que de las 22 muestras de PCR procesada en las \u00faltimas 72 horas, 2 arrojaron resultado &#8230;<\/p>\n","protected":false},"author":8,"featured_media":61610,"comment_status":"open","ping_status":"open","sticky":false,"template":"","format":"standard","meta":{"footnotes":""},"categories":[5,62],"tags":[],"class_list":["post-106737","post","type-post","status-publish","format-standard","has-post-thumbnail","hentry","category-actualidad","category-coronavirus"],"_links":{"self":[{"href":"https:\/\/vinasfm.com\/noticias\/wp-json\/wp\/v2\/posts\/106737","targetHints":{"allow":["GET"]}}],"collection":[{"href":"https:\/\/vinasfm.com\/noticias\/wp-json\/wp\/v2\/posts"}],"about":[{"href":"https:\/\/vinasfm.com\/noticias\/wp-json\/wp\/v2\/types\/post"}],"author":[{"embeddable":true,"href":"https:\/\/vinasfm.com\/noticias\/wp-json\/wp\/v2\/users\/8"}],"replies":[{"embeddable":true,"href":"https:\/\/vinasfm.com\/noticias\/wp-json\/wp\/v2\/comments?post=106737"}],"version-history":[{"count":7,"href":"https:\/\/vinasfm.com\/noticias\/wp-json\/wp\/v2\/posts\/106737\/revisions"}],"predecessor-version":[{"id":106991,"href":"https:\/\/vinasfm.com\/noticias\/wp-json\/wp\/v2\/posts\/106737\/revisions\/106991"}],"wp:featuredmedia":[{"embeddable":true,"href":"https:\/\/vinasfm.com\/noticias\/wp-json\/wp\/v2\/media\/61610"}],"wp:attachment":[{"href":"https:\/\/vinasfm.com\/noticias\/wp-json\/wp\/v2\/media?parent=106737"}],"wp:term":[{"taxonomy":"category","embeddable":true,"href":"https:\/\/vinasfm.com\/noticias\/wp-json\/wp\/v2\/categories?post=106737"},{"taxonomy":"post_tag","embeddable":true,"href":"https:\/\/vinasfm.com\/noticias\/wp-json\/wp\/v2\/tags?post=106737"}],"curies":[{"name":"wp","href":"https:\/\/api.w.org\/{rel}","templated":true}]}}