{"id":106683,"date":"2022-03-21T08:59:57","date_gmt":"2022-03-21T11:59:57","guid":{"rendered":"http:\/\/vinasfm.com\/noticias\/?p=106683"},"modified":"2022-03-21T10:27:30","modified_gmt":"2022-03-21T13:27:30","slug":"empieza-el-otono-y-asi-seran-sus-temperaturas","status":"publish","type":"post","link":"https:\/\/vinasfm.com\/noticias\/empieza-el-otono-y-asi-seran-sus-temperaturas\/","title":{"rendered":"EL OTO\u00d1O ARRANCA CON TEMPERATURAS AGRADABLES Y LEVE NUBOSIDAD"},"content":{"rendered":"<h4><span style=\"color: #000000;\"><strong><span style=\"color: #000000;\">Con el comienzo de la nueva estaci\u00f3n, las temperaturas ir\u00e1n se mantendr\u00e1n en torno a los 25\u00b0C y la nubosidad en el cielo ser\u00e1 condici\u00f3n de todos los d\u00edas, por lo menos durante la primera semana oto\u00f1al.<\/span><\/strong><\/span><\/h4>\n<p><span style=\"color: #000000;\"><em><strong>Lunes<\/strong><\/em>, primer d\u00eda de esta estaci\u00f3n cielo algo nublado con ascenso de la temperatura, vientos leves del noreste, inestable para nuestra zona en horas de la tarde. <strong><em>M\u00e1xima de 27\u00baC y m\u00ednima de 13\u00baC.<\/em><\/strong><\/span><\/p>\n<p><span style=\"color: #000000;\"><em><strong>Ma\u00f1ana martes<\/strong><\/em>, cielo con nubosidad con leve ascenso de la temperatura, vientos del noreste. <em><strong>M\u00e1xima de 28\u00baC y m\u00ednima de 15\u00baC.<\/strong><\/em><\/span><\/p>\n<p><span style=\"color: #000000;\"><em><strong>Para mitad de semana<\/strong><\/em>, nubosidad variable con ascenso de la temperatura, tormentas aisladas por la noche, vientos moderados del sudeste llegando la noche. <em><strong>M\u00e1xima de 30\u00baC y m\u00ednima de 17\u00baC.<\/strong><\/em><\/span><\/p>\n<p><span style=\"color: #000000;\"><strong><em>El d\u00eda jueves<\/em><\/strong>, cielo parcialmente nublado con descenso de la temperatura, vientos leves del sector su.<strong><em> M\u00e1xima de 22\u00baC y m\u00ednima de 11\u00baC.<\/em><\/strong><\/span><\/p>\n<p><span style=\"color: #000000;\"><strong><em>Finalizando la semana<\/em><\/strong>, ser\u00e1 con buen tiempo con leve ascenso de la temperatura, vientos leves del este.<em><strong> M\u00e1xima de 25\u00baC y m\u00ednima de 11\u00baC. <\/strong><\/em><\/span><\/p>\n","protected":false},"excerpt":{"rendered":"<p>Con el comienzo de la nueva estaci\u00f3n, las temperaturas ir\u00e1n se mantendr\u00e1n en torno a los 25\u00b0C y la nubosidad en &#8230;<\/p>\n","protected":false},"author":7,"featured_media":69260,"comment_status":"open","ping_status":"open","sticky":false,"template":"","format":"standard","meta":{"footnotes":""},"categories":[5,10],"tags":[],"class_list":["post-106683","post","type-post","status-publish","format-standard","has-post-thumbnail","hentry","category-actualidad","category-destacadas"],"_links":{"self":[{"href":"https:\/\/vinasfm.com\/noticias\/wp-json\/wp\/v2\/posts\/106683","targetHints":{"allow":["GET"]}}],"collection":[{"href":"https:\/\/vinasfm.com\/noticias\/wp-json\/wp\/v2\/posts"}],"about":[{"href":"https:\/\/vinasfm.com\/noticias\/wp-json\/wp\/v2\/types\/post"}],"author":[{"embeddable":true,"href":"https:\/\/vinasfm.com\/noticias\/wp-json\/wp\/v2\/users\/7"}],"replies":[{"embeddable":true,"href":"https:\/\/vinasfm.com\/noticias\/wp-json\/wp\/v2\/comments?post=106683"}],"version-history":[{"count":4,"href":"https:\/\/vinasfm.com\/noticias\/wp-json\/wp\/v2\/posts\/106683\/revisions"}],"predecessor-version":[{"id":106709,"href":"https:\/\/vinasfm.com\/noticias\/wp-json\/wp\/v2\/posts\/106683\/revisions\/106709"}],"wp:featuredmedia":[{"embeddable":true,"href":"https:\/\/vinasfm.com\/noticias\/wp-json\/wp\/v2\/media\/69260"}],"wp:attachment":[{"href":"https:\/\/vinasfm.com\/noticias\/wp-json\/wp\/v2\/media?parent=106683"}],"wp:term":[{"taxonomy":"category","embeddable":true,"href":"https:\/\/vinasfm.com\/noticias\/wp-json\/wp\/v2\/categories?post=106683"},{"taxonomy":"post_tag","embeddable":true,"href":"https:\/\/vinasfm.com\/noticias\/wp-json\/wp\/v2\/tags?post=106683"}],"curies":[{"name":"wp","href":"https:\/\/api.w.org\/{rel}","templated":true}]}}