{"id":106656,"date":"2022-03-21T00:01:51","date_gmt":"2022-03-21T03:01:51","guid":{"rendered":"http:\/\/vinasfm.com\/noticias\/?p=106656"},"modified":"2022-03-21T10:27:57","modified_gmt":"2022-03-21T13:27:57","slug":"incendio-causo-perdidas-totales-en-un-galpon-de-calle-13","status":"publish","type":"post","link":"https:\/\/vinasfm.com\/noticias\/incendio-causo-perdidas-totales-en-un-galpon-de-calle-13\/","title":{"rendered":"INCENDIO CAUS\u00d3 P\u00c9RDIDAS TOTALES EN UN GALP\u00d3N DE CALLE 13"},"content":{"rendered":"<p><span style=\"color: #000000;\"><strong>Cerca de las 21:30hs del viernes pr\u00f3ximo pasado<\/strong>, un voraz incendio consumi\u00f3 un tractor y varios elementos m\u00e1s guardados en el <strong>interior de un galp\u00f3n ubicado en una propiedad de calle 13<\/strong>.<\/span><\/p>\n<div id=\"attachment_106658\" style=\"width: 256px\" class=\"wp-caption alignleft\"><a href=\"http:\/\/vinasfm.com\/noticias\/wp-content\/uploads\/2022\/03\/c756bda1-d616-4811-9d52-03bb19b466e1-e1647864364621.jpg\"><img loading=\"lazy\" decoding=\"async\" aria-describedby=\"caption-attachment-106658\" class=\"wp-image-106658 \" src=\"http:\/\/vinasfm.com\/noticias\/wp-content\/uploads\/2022\/03\/c756bda1-d616-4811-9d52-03bb19b466e1-e1647864364621-300x179.jpg\" alt=\"\" width=\"256\" height=\"153\" srcset=\"https:\/\/vinasfm.com\/noticias\/wp-content\/uploads\/2022\/03\/c756bda1-d616-4811-9d52-03bb19b466e1-e1647864364621-300x179.jpg 300w, https:\/\/vinasfm.com\/noticias\/wp-content\/uploads\/2022\/03\/c756bda1-d616-4811-9d52-03bb19b466e1-e1647864364621-1024x609.jpg 1024w, https:\/\/vinasfm.com\/noticias\/wp-content\/uploads\/2022\/03\/c756bda1-d616-4811-9d52-03bb19b466e1-e1647864364621-768x457.jpg 768w, https:\/\/vinasfm.com\/noticias\/wp-content\/uploads\/2022\/03\/c756bda1-d616-4811-9d52-03bb19b466e1-e1647864364621-1536x914.jpg 1536w, https:\/\/vinasfm.com\/noticias\/wp-content\/uploads\/2022\/03\/c756bda1-d616-4811-9d52-03bb19b466e1-e1647864364621.jpg 1600w\" sizes=\"auto, (max-width: 256px) 100vw, 256px\" \/><\/a><p id=\"caption-attachment-106658\" class=\"wp-caption-text\">Incendio en un galp\u00f3n de calle 13.<\/p><\/div>\n<p><span style=\"color: #000000;\"><strong>Bomberos Voluntarios de Bowen<\/strong> y <strong>Bomberos de la Polic\u00eda<\/strong> contaron con <strong>apoyo h\u00eddrico de la Municipalidad<\/strong> para sofocar las intensas llamas que <strong>aparentemente se generaron a ra\u00edz de un desperfecto mec\u00e1nico<\/strong>.<\/span><\/p>\n<p><span style=\"color: #000000;\">La familia que reside en calle 13, al sur de calle G, llam\u00f3 inmediatamente al 911 cuando el incendio declarado afectaba el galp\u00f3n que poseen en la propiedad. <strong>Tras varios minutos, los bomberos lograron mitigar el siniestro<\/strong>.<\/span><\/p>\n","protected":false},"excerpt":{"rendered":"<p>Cerca de las 21:30hs del viernes pr\u00f3ximo pasado, un voraz incendio consumi\u00f3 un tractor y varios elementos m\u00e1s guardados en el &#8230;<\/p>\n","protected":false},"author":8,"featured_media":106657,"comment_status":"open","ping_status":"open","sticky":false,"template":"","format":"standard","meta":{"footnotes":""},"categories":[5,76],"tags":[],"class_list":["post-106656","post","type-post","status-publish","format-standard","has-post-thumbnail","hentry","category-actualidad","category-bomberos"],"_links":{"self":[{"href":"https:\/\/vinasfm.com\/noticias\/wp-json\/wp\/v2\/posts\/106656","targetHints":{"allow":["GET"]}}],"collection":[{"href":"https:\/\/vinasfm.com\/noticias\/wp-json\/wp\/v2\/posts"}],"about":[{"href":"https:\/\/vinasfm.com\/noticias\/wp-json\/wp\/v2\/types\/post"}],"author":[{"embeddable":true,"href":"https:\/\/vinasfm.com\/noticias\/wp-json\/wp\/v2\/users\/8"}],"replies":[{"embeddable":true,"href":"https:\/\/vinasfm.com\/noticias\/wp-json\/wp\/v2\/comments?post=106656"}],"version-history":[{"count":2,"href":"https:\/\/vinasfm.com\/noticias\/wp-json\/wp\/v2\/posts\/106656\/revisions"}],"predecessor-version":[{"id":106706,"href":"https:\/\/vinasfm.com\/noticias\/wp-json\/wp\/v2\/posts\/106656\/revisions\/106706"}],"wp:featuredmedia":[{"embeddable":true,"href":"https:\/\/vinasfm.com\/noticias\/wp-json\/wp\/v2\/media\/106657"}],"wp:attachment":[{"href":"https:\/\/vinasfm.com\/noticias\/wp-json\/wp\/v2\/media?parent=106656"}],"wp:term":[{"taxonomy":"category","embeddable":true,"href":"https:\/\/vinasfm.com\/noticias\/wp-json\/wp\/v2\/categories?post=106656"},{"taxonomy":"post_tag","embeddable":true,"href":"https:\/\/vinasfm.com\/noticias\/wp-json\/wp\/v2\/tags?post=106656"}],"curies":[{"name":"wp","href":"https:\/\/api.w.org\/{rel}","templated":true}]}}