{"id":106639,"date":"2022-03-19T15:30:28","date_gmt":"2022-03-19T18:30:28","guid":{"rendered":"http:\/\/vinasfm.com\/noticias\/?p=106639"},"modified":"2022-03-21T10:28:33","modified_gmt":"2022-03-21T13:28:33","slug":"la-fiesta-de-la-ganaderia-vuelve-a-la-normalidad-y-en-su-mes-tradicional","status":"publish","type":"post","link":"https:\/\/vinasfm.com\/noticias\/la-fiesta-de-la-ganaderia-vuelve-a-la-normalidad-y-en-su-mes-tradicional\/","title":{"rendered":"LA FIESTA DE LA GANADER\u00cdA VUELVE A LA NORMALIDAD Y EN SU MES TRADICIONAL"},"content":{"rendered":"<h4><span style=\"color: #000000;\"><strong>Tras dos a\u00f1os en los que el gran evento del oeste argentino tuvo una edici\u00f3n netamente virtual y otra en octubre del a\u00f1o pasado cuando se abrieron las restricciones impuestas por el coronavirus, en esta oportunidad la feria ganadera abrir\u00e1 la tranquera nuevamente en su mes tradicional.<\/strong><\/span><\/h4>\n<p><span style=\"color: #000000;\">Del 4 al 8 de mayo, en el predio de ruta 188 y calle 7 en Alvear, la Fiesta de la Ganader\u00eda tendr\u00e1 su edici\u00f3n 41: \u201c<strong><em>Volvemos a la presencialidad plena y sin restricciones en cuanto a la cantidad de p\u00fablico por lo que estamos con mucha expectativa porque volvemos a lo que ser\u00eda la normalidad como en 2019. Adem\u00e1s volvemos a mayo que es el mes tradicional de la fiesta<\/em><\/strong>\u201d, coment\u00f3 <strong>Jorge Noguerol, nuevo presidente de la C\u00e1mara de Comercio de Alvear<\/strong>, entidad organizadora de la fiesta.<\/span><\/p>\n<div id=\"attachment_106640\" style=\"width: 300px\" class=\"wp-caption alignleft\"><a style=\"color: #000000;\" href=\"http:\/\/vinasfm.com\/noticias\/wp-content\/uploads\/2022\/03\/e4f4a136-e06e-4fae-9b48-8cd4151a5d92.jpg\"><img loading=\"lazy\" decoding=\"async\" aria-describedby=\"caption-attachment-106640\" class=\"size-medium wp-image-106640\" src=\"http:\/\/vinasfm.com\/noticias\/wp-content\/uploads\/2022\/03\/e4f4a136-e06e-4fae-9b48-8cd4151a5d92-300x200.jpg\" alt=\"\" width=\"300\" height=\"200\" srcset=\"https:\/\/vinasfm.com\/noticias\/wp-content\/uploads\/2022\/03\/e4f4a136-e06e-4fae-9b48-8cd4151a5d92-300x200.jpg 300w, https:\/\/vinasfm.com\/noticias\/wp-content\/uploads\/2022\/03\/e4f4a136-e06e-4fae-9b48-8cd4151a5d92-768x512.jpg 768w, https:\/\/vinasfm.com\/noticias\/wp-content\/uploads\/2022\/03\/e4f4a136-e06e-4fae-9b48-8cd4151a5d92.jpg 1024w\" sizes=\"auto, (max-width: 300px) 100vw, 300px\" \/><\/a><p id=\"caption-attachment-106640\" class=\"wp-caption-text\"><span style=\"color: #000000;\">Jorge Noguerol, presidente de la C\u00e1mara de Comercio.<\/span><\/p><\/div>\n<p><span style=\"color: #000000;\">Adem\u00e1s de la exposici\u00f3n comercial, industrial y artesanal, el patio de comidas, la expo ganadera y remate de hacienda entre otras actividades, este a\u00f1o la Fiesta tendr\u00e1 algunas novedades.<\/span><\/p>\n<p><span style=\"color: #000000;\">En materia de espect\u00e1culos art\u00edsticos trasladar\u00e1n las noches de pe\u00f1a al sal\u00f3n mayor del predio ferial y la apuesta fuerte ser\u00e1 al folclore.<\/span><\/p>\n<p><span style=\"color: #000000;\">\u201c<strong><em>Lo que es pe\u00f1as viene creciendo todos los a\u00f1os y es donde m\u00e1s est\u00e1 respondiendo el p\u00fablico por ello se tom\u00f3 la decisi\u00f3n de trasladarla al sal\u00f3n mayor del predio para ofrecerle a la gente un lugar m\u00e1s amplio ya que siempre nos quedamos cortos con la capacidad<\/em><\/strong>\u201d, explic\u00f3 Noguerol.<\/span><\/p>\n<p><span style=\"color: #000000;\">Otra de las novedades que presentar\u00e1 la Fiesta Nacional de la Ganader\u00eda este 2022 es el agregado de un <strong>festival de destrezas criollas el s\u00e1bado 7 de mayo por la tarde y el domingo la jineteada<\/strong> incluir\u00e1 el cierre del calendario mendocino clasificatorio para Jes\u00fas Mar\u00eda 2023.<\/span><\/p>\n<p><span style=\"color: #000000;\">\u201c<strong><em>El a\u00f1o pasado las destrezas gustaron mucho por eso decidimos incluirlas el s\u00e1bado por la tarde despu\u00e9s del almuerzo tradicional y el domingo cerrar con la jineteada<\/em><\/strong>\u201d, dijo el presidente de la C\u00e1mara.<\/span><\/p>\n<h4 style=\"text-align: center;\"><span style=\"color: #000000;\"><strong>El d\u00eda de campo de la Fiesta<\/strong><\/span><\/h4>\n<p><span style=\"color: #000000;\">Con el retorno a la normalidad ya se vive la previa de la Fiesta de la Ganader\u00eda. <strong>El 2 de abril en la estancia Ituzaing\u00f3 en el paraje Gaspar Campos se realizar\u00e1 el D\u00eda de Campo<\/strong>.<\/span><\/p>\n<p><span style=\"color: #000000;\">&#8216;<strong><em>Este a\u00f1o renovamos la expectativa y volvemos al m\u00edtico d\u00eda en un campo de secano de la zona en el que no va a faltar el men\u00fa tradicional con los costillares al ensartador, la muestra t\u00edpica de las actividades en el corral<\/em><\/strong>&#8216;, cont\u00f3 <strong>Ramiro Labay, presidente de la espec\u00edfica de Ganader\u00eda<\/strong>.<\/span><\/p>\n<p><span style=\"color: #000000;\">Dentro del habitual men\u00fa que cuenta con un desayuno campestre, pasteles fritos, y el asado de los costillares, en esta ocasi\u00f3n se volcaron por acompa\u00f1arlo con humita en chala.<\/span><\/p>\n<p><span style=\"color: #000000;\">\u201c<strong><em>Es un desaf\u00edo porque no es no es f\u00e1cil preparar la humita en chala y para tantos comensales pero hay un equipo a bocado a esto y la idea es tratar de introducir algunas innovaciones para la gente que nos acompa\u00f1e<\/em><\/strong>\u201d, sostuvo Labay.<\/span><\/p>\n<h4 style=\"text-align: center;\"><span style=\"color: #000000;\"><strong>Sistema \u00fanico en Mendoza<\/strong><\/span><\/h4>\n<p><span style=\"color: #000000;\">Dentro del cronograma de actividades previstas para el d\u00eda de campo habr\u00e1 un espacio netamente t\u00e9cnico para mostrar el potencial de la combinaci\u00f3n de la ganader\u00eda con la agricultura.<\/span><\/p>\n<p><span style=\"color: #000000;\">El campo cuenta con un sistema de riego con pivot central que permite desarrollar el cultivo de ma\u00edz, soja y alfalfa, en pleno secano, para alimento del ganado.<\/span><\/p>\n<p><span style=\"color: #000000;\">Pero adem\u00e1s, como la zona no cuenta con energ\u00eda el\u00e9ctrica, el sistema de pivot se est\u00e1 reconvirtiendo para que funcione completamente con energ\u00eda solar: \u201c<strong><em>Buscamos mostrar lo que es la tecnolog\u00eda invertida para el desarrollo de la ganader\u00eda y con la reconversi\u00f3n a energ\u00eda solar que es nuevo en Mendoza<\/em><\/strong>\u201d, remarc\u00f3 Labay.<\/span><\/p>\n<p><span style=\"color: #000000;\"><strong>Las tarjetas para el d\u00eda de campo de la fiesta de la Ganader\u00eda tienen un costo de $4.500<\/strong> y se pueden comprar en la sede de la C\u00e1mara de Comercio alvearense, Hay Equipo y tambi\u00e9n en la C\u00e1mara de Comercio de San Rafael. <strong>El cupo es acotado y solo est\u00e1n a la venta 350 tarjetas.<\/strong><\/span><\/p>\n","protected":false},"excerpt":{"rendered":"<p>Tras dos a\u00f1os en los que el gran evento del oeste argentino tuvo una edici\u00f3n netamente virtual y otra en octubre &#8230;<\/p>\n","protected":false},"author":8,"featured_media":34410,"comment_status":"open","ping_status":"open","sticky":false,"template":"","format":"standard","meta":{"footnotes":""},"categories":[5,28],"tags":[],"class_list":["post-106639","post","type-post","status-publish","format-standard","has-post-thumbnail","hentry","category-actualidad","category-fiesta-nacional-de-la-ganaderia"],"_links":{"self":[{"href":"https:\/\/vinasfm.com\/noticias\/wp-json\/wp\/v2\/posts\/106639","targetHints":{"allow":["GET"]}}],"collection":[{"href":"https:\/\/vinasfm.com\/noticias\/wp-json\/wp\/v2\/posts"}],"about":[{"href":"https:\/\/vinasfm.com\/noticias\/wp-json\/wp\/v2\/types\/post"}],"author":[{"embeddable":true,"href":"https:\/\/vinasfm.com\/noticias\/wp-json\/wp\/v2\/users\/8"}],"replies":[{"embeddable":true,"href":"https:\/\/vinasfm.com\/noticias\/wp-json\/wp\/v2\/comments?post=106639"}],"version-history":[{"count":5,"href":"https:\/\/vinasfm.com\/noticias\/wp-json\/wp\/v2\/posts\/106639\/revisions"}],"predecessor-version":[{"id":106698,"href":"https:\/\/vinasfm.com\/noticias\/wp-json\/wp\/v2\/posts\/106639\/revisions\/106698"}],"wp:featuredmedia":[{"embeddable":true,"href":"https:\/\/vinasfm.com\/noticias\/wp-json\/wp\/v2\/media\/34410"}],"wp:attachment":[{"href":"https:\/\/vinasfm.com\/noticias\/wp-json\/wp\/v2\/media?parent=106639"}],"wp:term":[{"taxonomy":"category","embeddable":true,"href":"https:\/\/vinasfm.com\/noticias\/wp-json\/wp\/v2\/categories?post=106639"},{"taxonomy":"post_tag","embeddable":true,"href":"https:\/\/vinasfm.com\/noticias\/wp-json\/wp\/v2\/tags?post=106639"}],"curies":[{"name":"wp","href":"https:\/\/api.w.org\/{rel}","templated":true}]}}