{"id":106582,"date":"2022-03-17T09:19:35","date_gmt":"2022-03-17T12:19:35","guid":{"rendered":"http:\/\/vinasfm.com\/noticias\/?p=106582"},"modified":"2022-03-18T10:57:18","modified_gmt":"2022-03-18T13:57:18","slug":"bomberos-sofoco-un-voraz-incendio-desatado-en-cercanias-de-el-desvio-y-otro-en-un-galpon-de-bowen","status":"publish","type":"post","link":"https:\/\/vinasfm.com\/noticias\/bomberos-sofoco-un-voraz-incendio-desatado-en-cercanias-de-el-desvio-y-otro-en-un-galpon-de-bowen\/","title":{"rendered":"BOMBEROS SOFOC\u00d3 UN VORAZ INCENDIO DESATADO EN CERCAN\u00cdAS DE EL DESV\u00cdO Y OTRO EN UN GALP\u00d3N DE BOWEN"},"content":{"rendered":"<h4><span style=\"color: #000000;\"><strong>Este mi\u00e9rcoles, se registraron dos incendios en distintos puntos del departamento. El primero fue intencional y se desat\u00f3 en cercan\u00edas del B\u00b0 El Desv\u00edo afectando cerca de 30 hect\u00e1reas mientras que el segundo siniestro ocurri\u00f3 en un galp\u00f3n de empaque en Bowen.<\/strong><\/span><\/h4>\n<p><span style=\"color: #000000;\">Consultado, el <strong>Director de Defensa Civil Adolfo Balverde<\/strong> explic\u00f3 en di\u00e1logo con <strong>F.M. Vi\u00f1as<\/strong> que alrededor de las <strong>16:30hs<\/strong> fueron alertados de un incendio en <strong>calle L sobre las m\u00e1rgenes del R\u00edo Atuel<\/strong>: &#8216;<em><strong>Estuvo trabajando Bomberos de la Polic\u00eda con apoyo del Plan Provincial de Manejo del Fuego por la magnitud del incendio en esa zona descampada sin picadas contra fuego por lo que estuvieron en riesgo las viviendas<\/strong><\/em>&#8216;. Las condiciones clim\u00e1ticas avivaban las llamas por lo que las tareas de mitigaci\u00f3n se tornaron m\u00e1s dif\u00edciles.<\/span><\/p>\n<p><span style=\"color: #000000;\">Asimismo, se convoc\u00f3 a la Direcci\u00f3n de Contingencias para asistir a los vecinos y se cont\u00f3 con el apoyo h\u00eddrico de la Municipalidad: &#8216;<strong><em>Cerca de las 20hs se nos inform\u00f3 que el incendio hab\u00eda sido controlado por el personal que estuvo trabajando arduamente. A posterior nos comunicamos con el Jefe de Bomberos para planificar la realizaci\u00f3n de picadas contra fuegos para evitar que un posible incendio se propague hasta las viviendas<\/em><\/strong>&#8216;, se\u00f1al\u00f3.<\/span><\/p>\n<p><span style=\"color: #000000;\">Adem\u00e1s, aproximadamente a las <strong>23:08hs<\/strong>, <strong>Bomberos Voluntarios de Bowen<\/strong> tomaron conocimiento de un incendio declarado en una galp\u00f3n de empaque (sector de azufreras).<\/span><\/p>\n<p><span style=\"color: #000000;\">Acudieron hasta el lugar, situado en el <strong>acceso Sarmiento<\/strong> y sofocaron <strong>las llamas que afectaron 5 pallets con 30 paseras cada uno<\/strong>.<\/span><\/p>\n","protected":false},"excerpt":{"rendered":"<p>Este mi\u00e9rcoles, se registraron dos incendios en distintos puntos del departamento. El primero fue intencional y se desat\u00f3 en cercan\u00edas del &#8230;<\/p>\n","protected":false},"author":8,"featured_media":106583,"comment_status":"open","ping_status":"open","sticky":false,"template":"","format":"standard","meta":{"footnotes":""},"categories":[5,76],"tags":[],"class_list":["post-106582","post","type-post","status-publish","format-standard","has-post-thumbnail","hentry","category-actualidad","category-bomberos"],"_links":{"self":[{"href":"https:\/\/vinasfm.com\/noticias\/wp-json\/wp\/v2\/posts\/106582","targetHints":{"allow":["GET"]}}],"collection":[{"href":"https:\/\/vinasfm.com\/noticias\/wp-json\/wp\/v2\/posts"}],"about":[{"href":"https:\/\/vinasfm.com\/noticias\/wp-json\/wp\/v2\/types\/post"}],"author":[{"embeddable":true,"href":"https:\/\/vinasfm.com\/noticias\/wp-json\/wp\/v2\/users\/8"}],"replies":[{"embeddable":true,"href":"https:\/\/vinasfm.com\/noticias\/wp-json\/wp\/v2\/comments?post=106582"}],"version-history":[{"count":5,"href":"https:\/\/vinasfm.com\/noticias\/wp-json\/wp\/v2\/posts\/106582\/revisions"}],"predecessor-version":[{"id":106645,"href":"https:\/\/vinasfm.com\/noticias\/wp-json\/wp\/v2\/posts\/106582\/revisions\/106645"}],"wp:featuredmedia":[{"embeddable":true,"href":"https:\/\/vinasfm.com\/noticias\/wp-json\/wp\/v2\/media\/106583"}],"wp:attachment":[{"href":"https:\/\/vinasfm.com\/noticias\/wp-json\/wp\/v2\/media?parent=106582"}],"wp:term":[{"taxonomy":"category","embeddable":true,"href":"https:\/\/vinasfm.com\/noticias\/wp-json\/wp\/v2\/categories?post=106582"},{"taxonomy":"post_tag","embeddable":true,"href":"https:\/\/vinasfm.com\/noticias\/wp-json\/wp\/v2\/tags?post=106582"}],"curies":[{"name":"wp","href":"https:\/\/api.w.org\/{rel}","templated":true}]}}