{"id":106550,"date":"2022-03-16T23:00:45","date_gmt":"2022-03-17T02:00:45","guid":{"rendered":"http:\/\/vinasfm.com\/noticias\/?p=106550"},"modified":"2022-03-18T10:56:00","modified_gmt":"2022-03-18T13:56:00","slug":"desde-hoy-y-durante-dos-meses-se-podra-autocompletar-de-forma-digital-el-censo-nacional","status":"publish","type":"post","link":"https:\/\/vinasfm.com\/noticias\/desde-hoy-y-durante-dos-meses-se-podra-autocompletar-de-forma-digital-el-censo-nacional\/","title":{"rendered":"YA SE PUEDE AUTOCOMPLETAR DE FORMA DIGITAL EL CENSO NACIONAL"},"content":{"rendered":"<h4><span style=\"color: #000000;\"><strong>Desde hoy, los ciudadanos de la provincia tendr\u00e1n la posibilidad de completar el Censo 2022 de forma digital. La Direcci\u00f3n de Estad\u00edsticas e Investigaciones Econ\u00f3micas de Mendoza (DEIE) inform\u00f3 que se podr\u00e1 completar desde cualquier dispositivo y que el formulario generar\u00e1 un c\u00f3digo alfanum\u00e9rico que se presentar\u00e1 al censista el d\u00eda del Censo Nacional, que es el 18 de mayo.<\/strong><\/span><\/h4>\n<p><span style=\"color: #000000;\">As\u00ed, durante marzo, abril y los primeros 18 d\u00edas de mayo, quienes opten por esta modalidad, que <strong>ahorra tiempo y permite incluso dejar el c\u00f3digo en la puerta o a un vecino<\/strong> a quienes tengan que trabajar, podr\u00e1n ir completando sus datos.<\/span><\/p>\n<p><span style=\"color: #000000;\">Tambi\u00e9n resguardar\u00e1 la salud de quienes sean pacientes de riesgo de COVID-19, ya que el censista solo pedir\u00e1 el c\u00f3digo y no tendr\u00e1 que realizar el cuestionario presencial. \u201c<strong><em>Este censo tiene una caracter\u00edstica innovadora, que combina el relevamiento digital con el barrido territorial<\/em><\/strong>\u201d, explic\u00f3 el titular de la DEIE, Facundo Biffi.<\/span><\/p>\n<p><span style=\"color: #000000;\">En Mendoza habr\u00e1 30 mil censistas, ya que se deber\u00e1 llegar a todos los rincones de la provincia. \u201c<strong><em>Vamos a tener un operativo una semana antes para el relevamiento de poblaci\u00f3n rural, con la colaboraci\u00f3n de Gendarmer\u00eda. Tambi\u00e9n relevaremos personas en situaci\u00f3n de calle y de viviendas colectivas como geri\u00e1tricos o c\u00e1rceles<\/em><\/strong>\u201d, a\u00f1adi\u00f3 el funcionario.<\/span><\/p>\n<p><span style=\"color: #000000;\">Por su parte, el ministro Enrique Vaqui\u00e9 agreg\u00f3: \u201c<strong><em>La etapa que comienza ma\u00f1ana es vital. Queremos darle una impronta propia a lo digital, con car\u00e1cter masivo que permita conseguir m\u00e1s datos y de mejor calidad. Para conocer mejor la realidad tanto econ\u00f3mica como social de la provincia, dado que este tipo de relevamientos se realiza cada 10 o 12 a\u00f1os<\/em><\/strong>\u201d.<\/span><\/p>\n<p><span style=\"color: #000000;\">\u201c<strong><em>Tendremos recorridas departamentales para reunirnos con los intendentes a fin de generar puestos digitales donde las personas puedan, previo al 18 de mayo, ir cargando sus datos<\/em><\/strong>\u201d, finaliz\u00f3.<\/span><\/p>\n<p><span style=\"color: #000000;\">En Mendoza, 30 mil personas participar\u00e1n en el operativo, en su mayor\u00eda ser\u00e1 personal de la estructura primaria de Direcci\u00f3n General de Escuelas, tambi\u00e9n habr\u00e1 voluntarios. El cuestionario tiene 61 preguntas y busca relevar los datos de una poblaci\u00f3n cercana a los 2 millones. <strong>Los resultados b\u00e1sicos preliminares, como composici\u00f3n por edad y sexo, estar\u00e1n disponibles 30 d\u00edas despu\u00e9s del barrido tradicional, es decir del 18 de mayo<\/strong>.<\/span><\/p>\n<p><span style=\"color: #000000;\">El censo pregunta sobre sexo y edad, caracter\u00edsticas del hogar y la vivienda, salud, educaci\u00f3n, migraciones y ocupaci\u00f3n, entre otros temas. Por primera vez se relevar\u00e1 la identidad de g\u00e9nero.<\/span><\/p>\n<h4><span style=\"color: #000000;\"><strong>\u00bfC\u00f3mo completarlo?<\/strong><\/span><\/h4>\n<p><span style=\"color: #000000;\">Quienes quieran acceder a la modalidad digital deber\u00e1n ingresar desde el 16 de marzo a la p\u00e1gina del Ministerio de Econom\u00eda y Energ\u00eda y all\u00ed buscar la imagen \u201c<strong><em>Censo Digital<\/em><\/strong>\u201d, donde se abrir\u00e1 el formulario, que generar\u00e1 el c\u00f3digo \u00fanico de la vivienda mediante el n\u00famero de DNI y los datos del domicilio.<\/span><\/p>\n<p><span style=\"color: #000000;\">Luego se ingresar\u00e1 a un cuestionario digital, que tendr\u00e1 las preguntas que son necesarias para los relevamientos de poblaci\u00f3n y vivienda. Al finalizar, se deber\u00e1 guardar el comprobante de finalizaci\u00f3n del Censo digital (c\u00f3digo alfanum\u00e9rico) para presentar ante la persona que visite el domicilio el d\u00eda del censo.<\/span><\/p>\n<p><span style=\"color: #000000;\">El c\u00f3digo se puede imprimir y dejar en la puerta, mostrar impreso o mostrar desde un dispositivo electr\u00f3nico.<\/span><\/p>\n<h4><span style=\"color: #000000;\"><strong>\u00bfCu\u00e1ndo es el censo?<\/strong><\/span><\/h4>\n<p><span style=\"color: #000000;\">El <strong>mi\u00e9rcoles 18 de mayo de 2022 ser\u00e1 el d\u00eda del Censo<\/strong>, declarado como feriado nacional por el Decreto 42\/2022. Las personas censistas tendr\u00e1n la correspondiente acreditaci\u00f3n de la DEIE y del INDEC y recorrer\u00e1n todas las viviendas particulares.<\/span><\/p>\n<p><span style=\"color: #000000;\"><strong>Para quienes no puedan o quieran completar el formulario digital, los encuestadores van a realizar las entrevistas de forma personal, como en ediciones anteriores<\/strong>.<\/span><\/p>\n<p><span style=\"color: #000000;\">En cambio, si se complet\u00f3 el Censo digital, solo se va a pedir el comprobante de finalizaci\u00f3n. Este es un c\u00f3digo alfanum\u00e9rico de seis d\u00edgitos que se genera autom\u00e1ticamente al terminar de completar el cuestionario censal. Se puede descargar, pero adem\u00e1s llegar\u00e1 al correo electr\u00f3nico que se registra al completar el cuestionario.<\/span><\/p>\n<h4><span style=\"color: #000000;\"><strong>\u00bfPor qu\u00e9 es importante participar?<\/strong><\/span><\/h4>\n<p><span style=\"color: #000000;\">El <strong>Censo Nacional de Poblaci\u00f3n, Hogares y Viviendas<\/strong> es el recuento de todas las personas, todos los hogares y todas las viviendas que se encuentran en el territorio nacional en un momento determinado. En el caso de Mendoza, permitir\u00e1 a la DEIE tener un informe exacto y actualizado de cu\u00e1ntos somos en la provincia, c\u00f3mo vivimos y c\u00f3mo nos distribuimos.<\/span><\/p>\n<p><span style=\"color: #000000;\">La participaci\u00f3n de la poblaci\u00f3n es fundamental para que se pueda concretar el operativo. <strong>Todas las personas que habitan en el territorio nacional tienen que responder las preguntas incluidas en el cuestionario censal<\/strong> (art\u00edculo 17 del Decreto 726\/2020).<\/span><\/p>\n<p><span style=\"color: #000000;\"><strong>Los turistas extranjeros no deben censarse<\/strong>, pero quienes lleven viviendo en Mendoza m\u00e1s de seis meses deben participar.<\/span><\/p>\n<p><span style=\"color: #000000;\">Por recomendaci\u00f3n de la <strong>Divisi\u00f3n de Estad\u00edsticas de las Naciones Unidas<\/strong>, los censos deben hacerse cada diez a\u00f1os. Preferentemente, en los a\u00f1os terminados en cero, pero esto no fue posible en 2020 por la pandemia de COVID-19.<\/span><\/p>\n","protected":false},"excerpt":{"rendered":"<p>Desde hoy, los ciudadanos de la provincia tendr\u00e1n la posibilidad de completar el Censo 2022 de forma digital. La Direcci\u00f3n de &#8230;<\/p>\n","protected":false},"author":8,"featured_media":106551,"comment_status":"open","ping_status":"open","sticky":false,"template":"","format":"standard","meta":{"footnotes":""},"categories":[5,10],"tags":[],"class_list":["post-106550","post","type-post","status-publish","format-standard","has-post-thumbnail","hentry","category-actualidad","category-destacadas"],"_links":{"self":[{"href":"https:\/\/vinasfm.com\/noticias\/wp-json\/wp\/v2\/posts\/106550","targetHints":{"allow":["GET"]}}],"collection":[{"href":"https:\/\/vinasfm.com\/noticias\/wp-json\/wp\/v2\/posts"}],"about":[{"href":"https:\/\/vinasfm.com\/noticias\/wp-json\/wp\/v2\/types\/post"}],"author":[{"embeddable":true,"href":"https:\/\/vinasfm.com\/noticias\/wp-json\/wp\/v2\/users\/8"}],"replies":[{"embeddable":true,"href":"https:\/\/vinasfm.com\/noticias\/wp-json\/wp\/v2\/comments?post=106550"}],"version-history":[{"count":2,"href":"https:\/\/vinasfm.com\/noticias\/wp-json\/wp\/v2\/posts\/106550\/revisions"}],"predecessor-version":[{"id":106598,"href":"https:\/\/vinasfm.com\/noticias\/wp-json\/wp\/v2\/posts\/106550\/revisions\/106598"}],"wp:featuredmedia":[{"embeddable":true,"href":"https:\/\/vinasfm.com\/noticias\/wp-json\/wp\/v2\/media\/106551"}],"wp:attachment":[{"href":"https:\/\/vinasfm.com\/noticias\/wp-json\/wp\/v2\/media?parent=106550"}],"wp:term":[{"taxonomy":"category","embeddable":true,"href":"https:\/\/vinasfm.com\/noticias\/wp-json\/wp\/v2\/categories?post=106550"},{"taxonomy":"post_tag","embeddable":true,"href":"https:\/\/vinasfm.com\/noticias\/wp-json\/wp\/v2\/tags?post=106550"}],"curies":[{"name":"wp","href":"https:\/\/api.w.org\/{rel}","templated":true}]}}