{"id":106546,"date":"2022-03-13T00:01:25","date_gmt":"2022-03-13T03:01:25","guid":{"rendered":"http:\/\/vinasfm.com\/noticias\/?p=106546"},"modified":"2022-03-17T08:45:49","modified_gmt":"2022-03-17T11:45:49","slug":"buscan-en-todo-el-pais-a-un-profugo-condenado-por-abuso-sexual-agravado","status":"publish","type":"post","link":"https:\/\/vinasfm.com\/noticias\/buscan-en-todo-el-pais-a-un-profugo-condenado-por-abuso-sexual-agravado\/","title":{"rendered":"BUSCAN EN TODO EL PA\u00cdS A UN PR\u00d3FUGO CONDENADO POR ABUSO SEXUAL AGRAVADO"},"content":{"rendered":"<h4><span style=\"color: #000000;\"><strong>La Justicia local solicit\u00f3 la colaboraci\u00f3n de la poblaci\u00f3n para concretar la captura de Cristian Arnaldo Collado Calder\u00f3n, nacido en San Rafael, Mendoza, para el d\u00eda 29 de abril del 1987, alfabeto, soltero, changar\u00edn, DNI N\u00b0 33.325.905.<\/strong><\/span><\/h4>\n<p><span style=\"color: #000000;\">El mismo recientemente <strong>ha evadido el cumplimiento de una condena a ocho a\u00f1os y seis meses de prisi\u00f3n<\/strong> (sentencia 639 del Tribunal Penal Colegiado de San Rafael) <strong>por los delitos de abuso sexual con acceso carnal agravado<\/strong> por la situaci\u00f3n de convivencia preexistente con la v\u00edctima, y existen motivos de sospecha de que se ha profugado.<\/span><\/p>\n<p><span style=\"color: #000000;\"><strong>Se ha solicitado su captura nacional<\/strong>, entre otras medidas.<\/span><br \/>\n<span style=\"color: #000000;\">Se adjuntan fotograf\u00edas del mismo, advirtiendo que puede haber cambiado su fisonom\u00eda.<\/span><\/p>\n<p><span style=\"color: #000000;\">Cualquier informaci\u00f3n puede a<strong>portarse al tel\u00e9fono de emergencias 911, a cualquier comisar\u00eda, a cualquier efectivo policial de cualquier provincia o de fuerzas federales<\/strong>, o personalmente en la <strong>2\u00aa Fiscal\u00eda de la UFI Departamental de San Rafael<\/strong>.<\/span><\/p>\n","protected":false},"excerpt":{"rendered":"<p>La Justicia local solicit\u00f3 la colaboraci\u00f3n de la poblaci\u00f3n para concretar la captura de Cristian Arnaldo Collado Calder\u00f3n, nacido en San &#8230;<\/p>\n","protected":false},"author":8,"featured_media":106548,"comment_status":"open","ping_status":"open","sticky":false,"template":"","format":"standard","meta":{"footnotes":""},"categories":[5,22],"tags":[],"class_list":["post-106546","post","type-post","status-publish","format-standard","has-post-thumbnail","hentry","category-actualidad","category-justicia"],"_links":{"self":[{"href":"https:\/\/vinasfm.com\/noticias\/wp-json\/wp\/v2\/posts\/106546","targetHints":{"allow":["GET"]}}],"collection":[{"href":"https:\/\/vinasfm.com\/noticias\/wp-json\/wp\/v2\/posts"}],"about":[{"href":"https:\/\/vinasfm.com\/noticias\/wp-json\/wp\/v2\/types\/post"}],"author":[{"embeddable":true,"href":"https:\/\/vinasfm.com\/noticias\/wp-json\/wp\/v2\/users\/8"}],"replies":[{"embeddable":true,"href":"https:\/\/vinasfm.com\/noticias\/wp-json\/wp\/v2\/comments?post=106546"}],"version-history":[{"count":2,"href":"https:\/\/vinasfm.com\/noticias\/wp-json\/wp\/v2\/posts\/106546\/revisions"}],"predecessor-version":[{"id":106574,"href":"https:\/\/vinasfm.com\/noticias\/wp-json\/wp\/v2\/posts\/106546\/revisions\/106574"}],"wp:featuredmedia":[{"embeddable":true,"href":"https:\/\/vinasfm.com\/noticias\/wp-json\/wp\/v2\/media\/106548"}],"wp:attachment":[{"href":"https:\/\/vinasfm.com\/noticias\/wp-json\/wp\/v2\/media?parent=106546"}],"wp:term":[{"taxonomy":"category","embeddable":true,"href":"https:\/\/vinasfm.com\/noticias\/wp-json\/wp\/v2\/categories?post=106546"},{"taxonomy":"post_tag","embeddable":true,"href":"https:\/\/vinasfm.com\/noticias\/wp-json\/wp\/v2\/tags?post=106546"}],"curies":[{"name":"wp","href":"https:\/\/api.w.org\/{rel}","templated":true}]}}