{"id":106445,"date":"2022-03-14T09:59:33","date_gmt":"2022-03-14T12:59:33","guid":{"rendered":"http:\/\/vinasfm.com\/noticias\/?p=106445"},"modified":"2022-03-14T10:47:32","modified_gmt":"2022-03-14T13:47:32","slug":"comenzo-el-asfaltado-de-calles-en-el-b-antolin","status":"publish","type":"post","link":"https:\/\/vinasfm.com\/noticias\/comenzo-el-asfaltado-de-calles-en-el-b-antolin\/","title":{"rendered":"COMENZ\u00d3 EL ASFALTADO DE CALLES EN EL B\u00b0 ANTOL\u00cdN"},"content":{"rendered":"<h4><span style=\"color: #000000;\"><strong>El Director de Obras P\u00fablicas Ignacio Castro brind\u00f3 detalles acerca de la obra de asfalto que comenz\u00f3 en la ma\u00f1ana de este viernes, en las calles del Barrio Antol\u00edn y que va a continuar en calle Gorostiague.<\/strong><\/span><\/h4>\n<p><span style=\"color: #000000;\">Este viernes, la empresa BLACK SHADOW SA aplic\u00f3 la carpeta asf\u00e1ltica en caliente en Barrio Antol\u00edn, la misma posee un espesor de 4cm y van a comenzar en calle Gorostiague, lo que hace un total de m\u00e1s de 10.000m2, tarea que va a culminar ma\u00f1ana s\u00e1bado, especific\u00f3 el Director de Obras Ignacio Castro. Adem\u00e1s, solicit\u00f3 a los vecinos que circulen con precauci\u00f3n por la presencia de maquinaria pesada que se encuentra trabajando en la zona.<\/span><\/p>\n<p><span style=\"color: #000000;\">\u201cEstas obras son parte del contrato de 20 millones que se hizo el a\u00f1o pasado, donde resultaron beneficiados los barrios El Jag\u00fcel y Alvear. Actualmente, est\u00e1 cerrando en m\u00e1s de 28 millones porque hubo ampliaciones de obra, en algunos casos\u201d dijo Castro.<\/span><\/p>\n<p><span style=\"color: #000000;\">Asimismo, Vialidad Provincial est\u00e1 trabajando en calle 7, una obra que se prev\u00e9 que lunes o martes culmine. La semana pr\u00f3xima se va a continuar trabajando en calle Estrada, en algo m\u00e1s de 200m. Castro record\u00f3 que en Diagonal Jorge Sim\u00f3n se realiza una reconstrucci\u00f3n, mediante tratamiento superficial de microaglomerado asf\u00e1ltico a la carpeta existente, en un tramo de 1800m, desde calle Alem hasta Uspallata. La trocha de 8m se ha ensanchado en las banquinas, dependiendo del lugar donde se encuentre, de 11 a 14m. La semana que viene van a comenzar con los trabajos en la rotonda y en veinte d\u00edas, cuando el material frag\u00fce se va a poder pintar las l\u00edneas demarcatorias.<\/span><\/p>\n<p><span style=\"color: #000000;\">\u201cEn la calle Artola estamos trabajando en los primeros 200m haciendo movimiento de suelo para caja. La semana pr\u00f3xima empezamos en calle Samuel Escudero del Barrio San Luis, en un tramo de 750m, de calle 7 a Toyoshima\u201d, concluy\u00f3 Ignacio Castro.<\/span><\/p>\n","protected":false},"excerpt":{"rendered":"<p>El Director de Obras P\u00fablicas Ignacio Castro brind\u00f3 detalles acerca de la obra de asfalto que comenz\u00f3 en la ma\u00f1ana de &#8230;<\/p>\n","protected":false},"author":8,"featured_media":106446,"comment_status":"open","ping_status":"open","sticky":false,"template":"","format":"standard","meta":{"footnotes":""},"categories":[5,29],"tags":[],"class_list":["post-106445","post","type-post","status-publish","format-standard","has-post-thumbnail","hentry","category-actualidad","category-obras-y-servicios"],"_links":{"self":[{"href":"https:\/\/vinasfm.com\/noticias\/wp-json\/wp\/v2\/posts\/106445","targetHints":{"allow":["GET"]}}],"collection":[{"href":"https:\/\/vinasfm.com\/noticias\/wp-json\/wp\/v2\/posts"}],"about":[{"href":"https:\/\/vinasfm.com\/noticias\/wp-json\/wp\/v2\/types\/post"}],"author":[{"embeddable":true,"href":"https:\/\/vinasfm.com\/noticias\/wp-json\/wp\/v2\/users\/8"}],"replies":[{"embeddable":true,"href":"https:\/\/vinasfm.com\/noticias\/wp-json\/wp\/v2\/comments?post=106445"}],"version-history":[{"count":2,"href":"https:\/\/vinasfm.com\/noticias\/wp-json\/wp\/v2\/posts\/106445\/revisions"}],"predecessor-version":[{"id":106491,"href":"https:\/\/vinasfm.com\/noticias\/wp-json\/wp\/v2\/posts\/106445\/revisions\/106491"}],"wp:featuredmedia":[{"embeddable":true,"href":"https:\/\/vinasfm.com\/noticias\/wp-json\/wp\/v2\/media\/106446"}],"wp:attachment":[{"href":"https:\/\/vinasfm.com\/noticias\/wp-json\/wp\/v2\/media?parent=106445"}],"wp:term":[{"taxonomy":"category","embeddable":true,"href":"https:\/\/vinasfm.com\/noticias\/wp-json\/wp\/v2\/categories?post=106445"},{"taxonomy":"post_tag","embeddable":true,"href":"https:\/\/vinasfm.com\/noticias\/wp-json\/wp\/v2\/tags?post=106445"}],"curies":[{"name":"wp","href":"https:\/\/api.w.org\/{rel}","templated":true}]}}