{"id":106432,"date":"2022-03-11T10:27:20","date_gmt":"2022-03-11T13:27:20","guid":{"rendered":"http:\/\/vinasfm.com\/noticias\/?p=106432"},"modified":"2022-03-14T08:56:50","modified_gmt":"2022-03-14T11:56:50","slug":"en-menos-de-tres-horas-robaron-una-moto-y-una-bici-en-ciudad","status":"publish","type":"post","link":"https:\/\/vinasfm.com\/noticias\/en-menos-de-tres-horas-robaron-una-moto-y-una-bici-en-ciudad\/","title":{"rendered":"EN MENOS DE TRES HORAS ROBARON UNA MOTO Y UNA BICI EN CIUDAD"},"content":{"rendered":"<h4><span style=\"color: #000000;\"><strong>Dos nuevos hechos de inseguridad vinculados a la sustracci\u00f3n de rodados menores se produjeron en Alvear durante la noche de este jueves. Tanto las v\u00edctimas como la polic\u00eda piden a la comunidad que en caso de saber el paradero de las movilidades aporten datos al 911.<\/strong><\/span><\/h4>\n<p><span style=\"color: #000000;\">Autoridades policiales brindaron detalles sobre los <strong>dos episodios delictivos ocurridos en un lapso no mayor a tres hora<\/strong>s. El primero ocurri\u00f3 <strong>en la vereda de una farmacia c\u00e9ntrica<\/strong> mientras que <strong>el segundo se produjo en el hall de una vivienda ubicada en calle Mitre<\/strong>.<\/span><\/p>\n<p><span style=\"color: #000000;\">El reporte policial oficial rese\u00f1a que <strong>alrededor de las 19:45h<\/strong>s un joven de 16 a\u00f1os <strong>dej\u00f3 su bicicleta todoterreno<\/strong> (<em>marca Fire-Bird, rodado 29, color negro y verde<\/em>), <strong>asegurada con cable y candado en el bicicletero de la farmacia Cuyo<\/strong> situada en la esquina de calle Pi\u00e9rola y Avenida Libertador Norte. <strong>Al salir, cerca de las 21:30hs constat\u00f3 el faltante de la misma<\/strong>.<\/span><\/p>\n<p><span style=\"color: #000000;\">Horas m\u00e1s tarde, <strong>cerca de las 22:45hs el 911 fue alertado de la sustracci\u00f3n de una motocicleta marca Corven 110cc<\/strong> (color rojo) de la vereda de un <strong>propiedad ubicada en calle Mitre 271<\/strong>. El propietario <strong>la hab\u00eda dejado estacionada con las llaves en el tambor<\/strong> por lo que no represent\u00f3 dificultad para que los malvivientes se la llevaran.<\/span><\/p>\n<p><span style=\"color: #000000;\">En ambos casos, bajo instrucci\u00f3n de la Unidad Fiscal de General Alvear,<strong> trabaja personal de Comisar\u00eda 14\u00b0 y de Investigaciones<\/strong>.<\/span><\/p>\n","protected":false},"excerpt":{"rendered":"<p>Dos nuevos hechos de inseguridad vinculados a la sustracci\u00f3n de rodados menores se produjeron en Alvear durante la noche de este &#8230;<\/p>\n","protected":false},"author":8,"featured_media":66502,"comment_status":"open","ping_status":"open","sticky":false,"template":"","format":"standard","meta":{"footnotes":""},"categories":[5,4],"tags":[],"class_list":["post-106432","post","type-post","status-publish","format-standard","has-post-thumbnail","hentry","category-actualidad","category-policiales"],"_links":{"self":[{"href":"https:\/\/vinasfm.com\/noticias\/wp-json\/wp\/v2\/posts\/106432","targetHints":{"allow":["GET"]}}],"collection":[{"href":"https:\/\/vinasfm.com\/noticias\/wp-json\/wp\/v2\/posts"}],"about":[{"href":"https:\/\/vinasfm.com\/noticias\/wp-json\/wp\/v2\/types\/post"}],"author":[{"embeddable":true,"href":"https:\/\/vinasfm.com\/noticias\/wp-json\/wp\/v2\/users\/8"}],"replies":[{"embeddable":true,"href":"https:\/\/vinasfm.com\/noticias\/wp-json\/wp\/v2\/comments?post=106432"}],"version-history":[{"count":4,"href":"https:\/\/vinasfm.com\/noticias\/wp-json\/wp\/v2\/posts\/106432\/revisions"}],"predecessor-version":[{"id":106440,"href":"https:\/\/vinasfm.com\/noticias\/wp-json\/wp\/v2\/posts\/106432\/revisions\/106440"}],"wp:featuredmedia":[{"embeddable":true,"href":"https:\/\/vinasfm.com\/noticias\/wp-json\/wp\/v2\/media\/66502"}],"wp:attachment":[{"href":"https:\/\/vinasfm.com\/noticias\/wp-json\/wp\/v2\/media?parent=106432"}],"wp:term":[{"taxonomy":"category","embeddable":true,"href":"https:\/\/vinasfm.com\/noticias\/wp-json\/wp\/v2\/categories?post=106432"},{"taxonomy":"post_tag","embeddable":true,"href":"https:\/\/vinasfm.com\/noticias\/wp-json\/wp\/v2\/tags?post=106432"}],"curies":[{"name":"wp","href":"https:\/\/api.w.org\/{rel}","templated":true}]}}