{"id":106409,"date":"2022-03-11T23:59:39","date_gmt":"2022-03-12T02:59:39","guid":{"rendered":"http:\/\/vinasfm.com\/noticias\/?p=106409"},"modified":"2022-03-14T09:52:49","modified_gmt":"2022-03-14T12:52:49","slug":"la-mora-profundo-pozo-en-ruta-188-provoco-el-vuelco-de-un-utilitario-con-cinco-ocupantes","status":"publish","type":"post","link":"https:\/\/vinasfm.com\/noticias\/la-mora-profundo-pozo-en-ruta-188-provoco-el-vuelco-de-un-utilitario-con-cinco-ocupantes\/","title":{"rendered":"LA MORA: PROFUNDO POZO EN RUTA 188 PROVOC\u00d3 EL VUELCO DE UN UTILITARIO CON CINCO OCUPANTES"},"content":{"rendered":"<h4><span style=\"color: #000000;\"><strong>En horas de la tarde de este jueves, un pozo de importantes dimensiones en el tramo comprendido entre el Km 740 y 741 de la Ruta Nacional 188 fue la causa del vuelco de un utilitario en el que viajaba una familia oriunda de Buenos Aires. Afortunadamente los pasajeros no sufrieron lesiones de gravedad.\u00a0<\/strong><\/span><\/h4>\n<p><span style=\"color: #000000;\">Una <strong>familia oriunda de Buenos Aires sufri\u00f3 un accidente de tr\u00e1nsito sobre Ruta 188<\/strong> antes del ingreso al paraje La Mora. La <strong>Peugeot Partner<\/strong> en la que circulaba <strong>un padre y sus cuatro hijos<\/strong> termin\u00f3 volcando en el bajo a la vera de la carpeta asf\u00e1ltica tras dar varios tumbos. <strong>El uso de los cinturones fue crucial para que los pasajeros no revistieran lesiones de gravedad<\/strong>.<\/span><\/p>\n<div id=\"attachment_106410\" style=\"width: 300px\" class=\"wp-caption alignleft\"><a href=\"http:\/\/vinasfm.com\/noticias\/wp-content\/uploads\/2022\/03\/274253320_946498492710219_1393657027176613519_n.jpg\"><img loading=\"lazy\" decoding=\"async\" aria-describedby=\"caption-attachment-106410\" class=\"size-medium wp-image-106410\" src=\"http:\/\/vinasfm.com\/noticias\/wp-content\/uploads\/2022\/03\/274253320_946498492710219_1393657027176613519_n-300x169.jpg\" alt=\"\" width=\"300\" height=\"169\" srcset=\"https:\/\/vinasfm.com\/noticias\/wp-content\/uploads\/2022\/03\/274253320_946498492710219_1393657027176613519_n-300x169.jpg 300w, https:\/\/vinasfm.com\/noticias\/wp-content\/uploads\/2022\/03\/274253320_946498492710219_1393657027176613519_n-768x432.jpg 768w, https:\/\/vinasfm.com\/noticias\/wp-content\/uploads\/2022\/03\/274253320_946498492710219_1393657027176613519_n-750x420.jpg 750w, https:\/\/vinasfm.com\/noticias\/wp-content\/uploads\/2022\/03\/274253320_946498492710219_1393657027176613519_n.jpg 960w\" sizes=\"auto, (max-width: 300px) 100vw, 300px\" \/><\/a><p id=\"caption-attachment-106410\" class=\"wp-caption-text\">Vuelco en Ruta 188.<\/p><\/div>\n<p><span style=\"color: #000000;\">De acuerdo a la informaci\u00f3n suministrada a <strong>F.M. VI\u00d1AS<\/strong>, en direcci\u00f3n al este se desplazaba el rodado en el que se trasladaba la familia que luego de varios d\u00edas en San Rafael regresaban a su localidad de origen. <strong>Cerca de las 16hs, el conductor no pudo evadir un pozo<\/strong> generado por la \u00faltima tormenta que azot\u00f3 esa zona de nuestro departamento <strong>ocasionando que perdiera el dominio de la Partner y al pisar la banquina<\/strong>, que carece de mantenimiento, <strong>dio varios tumbos y termin\u00f3 volcando a varios metros de la ruta<\/strong>.<\/span><\/p>\n<p><span style=\"color: #000000;\">Al tomar conocimiento, personal de Comisar\u00eda 46\u00b0 (Bowen) acudi\u00f3 al escenario del siniestro junto con <strong>una ambulancia que traslad\u00f3 a los cuatro acompa\u00f1antes hasta el distrito del Este para su asistencia mientras que el jefe de familia qued\u00f3 ileso en el lugar esperando al cami\u00f3n de auxilio<\/strong>. Empleados de la planta de gasoducto de La Mora y un empleado rural a bordo de un cami\u00f3n se sumaron a auxiliar al damnificado.<\/span><\/p>\n","protected":false},"excerpt":{"rendered":"<p>En horas de la tarde de este jueves, un pozo de importantes dimensiones en el tramo comprendido entre el Km 740 &#8230;<\/p>\n","protected":false},"author":8,"featured_media":106416,"comment_status":"open","ping_status":"open","sticky":false,"template":"","format":"standard","meta":{"footnotes":""},"categories":[5,4],"tags":[],"class_list":["post-106409","post","type-post","status-publish","format-standard","has-post-thumbnail","hentry","category-actualidad","category-policiales"],"_links":{"self":[{"href":"https:\/\/vinasfm.com\/noticias\/wp-json\/wp\/v2\/posts\/106409","targetHints":{"allow":["GET"]}}],"collection":[{"href":"https:\/\/vinasfm.com\/noticias\/wp-json\/wp\/v2\/posts"}],"about":[{"href":"https:\/\/vinasfm.com\/noticias\/wp-json\/wp\/v2\/types\/post"}],"author":[{"embeddable":true,"href":"https:\/\/vinasfm.com\/noticias\/wp-json\/wp\/v2\/users\/8"}],"replies":[{"embeddable":true,"href":"https:\/\/vinasfm.com\/noticias\/wp-json\/wp\/v2\/comments?post=106409"}],"version-history":[{"count":2,"href":"https:\/\/vinasfm.com\/noticias\/wp-json\/wp\/v2\/posts\/106409\/revisions"}],"predecessor-version":[{"id":106469,"href":"https:\/\/vinasfm.com\/noticias\/wp-json\/wp\/v2\/posts\/106409\/revisions\/106469"}],"wp:featuredmedia":[{"embeddable":true,"href":"https:\/\/vinasfm.com\/noticias\/wp-json\/wp\/v2\/media\/106416"}],"wp:attachment":[{"href":"https:\/\/vinasfm.com\/noticias\/wp-json\/wp\/v2\/media?parent=106409"}],"wp:term":[{"taxonomy":"category","embeddable":true,"href":"https:\/\/vinasfm.com\/noticias\/wp-json\/wp\/v2\/categories?post=106409"},{"taxonomy":"post_tag","embeddable":true,"href":"https:\/\/vinasfm.com\/noticias\/wp-json\/wp\/v2\/tags?post=106409"}],"curies":[{"name":"wp","href":"https:\/\/api.w.org\/{rel}","templated":true}]}}