{"id":106376,"date":"2022-03-10T15:18:33","date_gmt":"2022-03-10T18:18:33","guid":{"rendered":"http:\/\/vinasfm.com\/noticias\/?p=106376"},"modified":"2022-03-11T10:28:29","modified_gmt":"2022-03-11T13:28:29","slug":"se-produjeron-dos-siniestros-viales-con-lesionados-en-real-del-padre","status":"publish","type":"post","link":"https:\/\/vinasfm.com\/noticias\/se-produjeron-dos-siniestros-viales-con-lesionados-en-real-del-padre\/","title":{"rendered":"SE PRODUJERON DOS SINIESTROS VIALES CON LESIONADOS EN REAL DEL PADRE"},"content":{"rendered":"<p><span style=\"color: #000000;\"><strong>Autoridades policiales brindaron detalles sobre dos siniestros viales, con lesionados, ocurrido este mi\u00e9rcoles en el distrito de Real del Padre. El primero fue protagonizado por una camioneta en la que circulaba un grupo de cosechadores mientras que en el segundo un veh\u00edculo impact\u00f3 con una bicicleta guiada por una menor de edad.<\/strong><\/span><\/p>\n<p><span style=\"color: #000000;\">El primer incidente ocurri\u00f3 <strong>en horas de la tarde<\/strong> cuando en dicho distrito <strong>se movilizaba sobre una camioneta un grupo de cosechadores<\/strong>, la mayor\u00eda en la caja del rodado. En un momento <strong>el conductor fren\u00f3 bruscamente ocasionando que tres trabajadores cayeran encima de una compa\u00f1era<\/strong> golpeando su hombro y tobillo derecho.<\/span><\/p>\n<p><span style=\"color: #000000;\">La mujer <strong>fue trasladada en ambulancia al Hospital Enfermeros Argentinos<\/strong> donde fue asistida por el traumat\u00f3logo, quien le diagnostic\u00f3 traumatismos en las zonas lesionadas. A posterior, <strong>se retir\u00f3 de alta<\/strong>.<\/span><\/p>\n<p><span style=\"color: #000000;\">En cuanto al segundo hecho, el reporte rese\u00f1a que <strong>alrededor de las 19:50hs la intersecci\u00f3n de calles Corrientes y Chaco<\/strong> fue escenario de un accidente protagonizado por un veh\u00edculo y una bicicleta. El <strong>autom\u00f3vil<\/strong>, conducido por una mujer mayor de edad, <strong>se desplazaba hacia el oeste por calle Chaco<\/strong> y al llegar a dicho cruce<strong> impact\u00f3 con una bicicleta al mando de una menor de edad<\/strong>.\u00a0<\/span><\/p>\n<p><span style=\"color: #000000;\">Producto de la colisi\u00f3n la v\u00edctima fue trasladada al <strong>Hospital Enfermeros Argentinos<\/strong>, donde le diagnosticaron <em><strong>TEC sin p\u00e9rdida de conocimiento<\/strong><\/em>.<\/span><\/p>\n","protected":false},"excerpt":{"rendered":"<p>Autoridades policiales brindaron detalles sobre dos siniestros viales, con lesionados, ocurrido este mi\u00e9rcoles en el distrito de Real del Padre. El &#8230;<\/p>\n","protected":false},"author":8,"featured_media":42193,"comment_status":"open","ping_status":"open","sticky":false,"template":"","format":"standard","meta":{"footnotes":""},"categories":[5,4],"tags":[],"class_list":["post-106376","post","type-post","status-publish","format-standard","has-post-thumbnail","hentry","category-actualidad","category-policiales"],"_links":{"self":[{"href":"https:\/\/vinasfm.com\/noticias\/wp-json\/wp\/v2\/posts\/106376","targetHints":{"allow":["GET"]}}],"collection":[{"href":"https:\/\/vinasfm.com\/noticias\/wp-json\/wp\/v2\/posts"}],"about":[{"href":"https:\/\/vinasfm.com\/noticias\/wp-json\/wp\/v2\/types\/post"}],"author":[{"embeddable":true,"href":"https:\/\/vinasfm.com\/noticias\/wp-json\/wp\/v2\/users\/8"}],"replies":[{"embeddable":true,"href":"https:\/\/vinasfm.com\/noticias\/wp-json\/wp\/v2\/comments?post=106376"}],"version-history":[{"count":7,"href":"https:\/\/vinasfm.com\/noticias\/wp-json\/wp\/v2\/posts\/106376\/revisions"}],"predecessor-version":[{"id":106399,"href":"https:\/\/vinasfm.com\/noticias\/wp-json\/wp\/v2\/posts\/106376\/revisions\/106399"}],"wp:featuredmedia":[{"embeddable":true,"href":"https:\/\/vinasfm.com\/noticias\/wp-json\/wp\/v2\/media\/42193"}],"wp:attachment":[{"href":"https:\/\/vinasfm.com\/noticias\/wp-json\/wp\/v2\/media?parent=106376"}],"wp:term":[{"taxonomy":"category","embeddable":true,"href":"https:\/\/vinasfm.com\/noticias\/wp-json\/wp\/v2\/categories?post=106376"},{"taxonomy":"post_tag","embeddable":true,"href":"https:\/\/vinasfm.com\/noticias\/wp-json\/wp\/v2\/tags?post=106376"}],"curies":[{"name":"wp","href":"https:\/\/api.w.org\/{rel}","templated":true}]}}