{"id":106361,"date":"2022-03-10T00:01:41","date_gmt":"2022-03-10T03:01:41","guid":{"rendered":"http:\/\/vinasfm.com\/noticias\/?p=106361"},"modified":"2022-03-10T10:12:02","modified_gmt":"2022-03-10T13:12:02","slug":"mes-de-la-mujer-inauguraron-un-banco-rojo-en-alvear-oeste","status":"publish","type":"post","link":"https:\/\/vinasfm.com\/noticias\/mes-de-la-mujer-inauguraron-un-banco-rojo-en-alvear-oeste\/","title":{"rendered":"MES DE LA MUJER: INAUGURARON UN BANCO ROJO EN ALVEAR OESTE"},"content":{"rendered":"<h4><span style=\"color: #000000;\"><strong>Con la presencia de la Agrupaci\u00f3n Madres de Pie Mendoza, en la Plaza Manuel Belgrano de Alvear Oeste se inaugur\u00f3 un nuevo Banco Rojo, y se brind\u00f3 un reconocimiento a Hebe Tamborini, una mujer destacada del Distrito. <\/strong><\/span><\/h4>\n<p><span style=\"color: #000000;\">Estuvieron presentes el Intendente Walther Marcolini, la Directora de Familia Cecilia Ariet, la Asesora de la Mujer y Desarrollo de las Familias Silvia Vega y la Presidente de la Asociaci\u00f3n Madres de Pie Mendoza Graciela Bianchi.<\/span><\/p>\n<p><span style=\"color: #000000;\">En su discurso, el Jefe Comunal se\u00f1al\u00f3 que lamentablemente la violencia est\u00e1 instalada, sin embargo expres\u00f3: \u201c<strong><em>Vivimos en un pueblo maravilloso en el que debemos desterrar las cosas malas. En la sociedad hay un nivel de violencia tal, que se refleja fuertemente en la violencia de g\u00e9nero contra la mujer, por lo que hay 52 casos de femicidio en el Pa\u00eds, en lo que va del 2.022. Todos debemos tomar conciencia y el municipio est\u00e1 comprometido, desde la m\u00e1xima autoridad pol\u00edtica a todo el gobierno, en este sentido, es preciso cuidarnos y cuidar a nuestras mujeres<\/em><\/strong>\u201d.<\/span><\/p>\n<div id=\"attachment_106363\" style=\"width: 300px\" class=\"wp-caption alignleft\"><a style=\"color: #000000;\" href=\"http:\/\/vinasfm.com\/noticias\/wp-content\/uploads\/2022\/03\/605b477c-0f9f-423a-b0f7-1a9f23882705.jpg\"><img loading=\"lazy\" decoding=\"async\" aria-describedby=\"caption-attachment-106363\" class=\"size-medium wp-image-106363\" src=\"http:\/\/vinasfm.com\/noticias\/wp-content\/uploads\/2022\/03\/605b477c-0f9f-423a-b0f7-1a9f23882705-300x169.jpg\" alt=\"\" width=\"300\" height=\"169\" srcset=\"https:\/\/vinasfm.com\/noticias\/wp-content\/uploads\/2022\/03\/605b477c-0f9f-423a-b0f7-1a9f23882705-300x169.jpg 300w, https:\/\/vinasfm.com\/noticias\/wp-content\/uploads\/2022\/03\/605b477c-0f9f-423a-b0f7-1a9f23882705-768x432.jpg 768w, https:\/\/vinasfm.com\/noticias\/wp-content\/uploads\/2022\/03\/605b477c-0f9f-423a-b0f7-1a9f23882705-750x420.jpg 750w, https:\/\/vinasfm.com\/noticias\/wp-content\/uploads\/2022\/03\/605b477c-0f9f-423a-b0f7-1a9f23882705.jpg 1024w\" sizes=\"auto, (max-width: 300px) 100vw, 300px\" \/><\/a><p id=\"caption-attachment-106363\" class=\"wp-caption-text\"><span style=\"color: #000000;\">Actividades por el Mes de la Mujer.<\/span><\/p><\/div>\n<p><span style=\"color: #000000;\"><strong>La Municipalidad cuenta con una Asesor\u00eda de la Mujer, una Direcci\u00f3n de Familia y con el trabajo de profesionales<\/strong>. Tambi\u00e9n, hay una Asociaci\u00f3n civil Hogar Esperanza para recibir a la mujer que corre riesgo en su casa y que debe ir a un lugar seguro, ya sea ella sola o con sus hijos. <\/span><\/p>\n<p><span style=\"color: #000000;\">\u201c<strong><em>Ese es un capital social, del tipo redes, donde las organizaciones sociales se vinculan al Estado, por lo que instalar en Alvear Oeste, en la plaza que est\u00e1 reci\u00e9n remodelada, un banco rojo, tiene un significado importante para tomar conciencia y para salvar vidas. Igualmente, esperamos concretar la Comisar\u00eda de la Mujer en General Alvear para trabajar en forma conjunta, como se viene haciendo con las fiscal\u00edas<\/em><\/strong>\u201d, enfatiz\u00f3 el mandatario, quien arroj\u00f3 un nuevo desaf\u00edo, tanto a la Asesor\u00eda de la Mujer como a la Direcci\u00f3n de Familias y a la Agrupaci\u00f3n Madres de Pie, para que se animen a organizar una capacitaci\u00f3n integral para la sociedad, para la cual puso a disposici\u00f3n las instituciones municipales para llevarla a cabo.<\/span><\/p>\n<p><span style=\"color: #000000;\"><a style=\"color: #000000;\" href=\"http:\/\/vinasfm.com\/noticias\/wp-content\/uploads\/2022\/03\/49deb8d7-f019-414e-9f70-0e9c7a2d7f4a.jpg\"><img loading=\"lazy\" decoding=\"async\" class=\" wp-image-106364 aligncenter\" src=\"http:\/\/vinasfm.com\/noticias\/wp-content\/uploads\/2022\/03\/49deb8d7-f019-414e-9f70-0e9c7a2d7f4a-300x169.jpg\" alt=\"\" width=\"495\" height=\"279\" srcset=\"https:\/\/vinasfm.com\/noticias\/wp-content\/uploads\/2022\/03\/49deb8d7-f019-414e-9f70-0e9c7a2d7f4a-300x169.jpg 300w, https:\/\/vinasfm.com\/noticias\/wp-content\/uploads\/2022\/03\/49deb8d7-f019-414e-9f70-0e9c7a2d7f4a-1024x576.jpg 1024w, https:\/\/vinasfm.com\/noticias\/wp-content\/uploads\/2022\/03\/49deb8d7-f019-414e-9f70-0e9c7a2d7f4a-768x432.jpg 768w, https:\/\/vinasfm.com\/noticias\/wp-content\/uploads\/2022\/03\/49deb8d7-f019-414e-9f70-0e9c7a2d7f4a-1536x864.jpg 1536w, https:\/\/vinasfm.com\/noticias\/wp-content\/uploads\/2022\/03\/49deb8d7-f019-414e-9f70-0e9c7a2d7f4a-1140x641.jpg 1140w, https:\/\/vinasfm.com\/noticias\/wp-content\/uploads\/2022\/03\/49deb8d7-f019-414e-9f70-0e9c7a2d7f4a.jpg 1599w\" sizes=\"auto, (max-width: 495px) 100vw, 495px\" \/><\/a><\/span><\/p>\n<p><span style=\"color: #000000;\">Por su parte, <strong>Graciela Bianchi, la Presidente de la Asociaci\u00f3n Madres de Pie Mendoza<\/strong>, especific\u00f3 que hasta el momento han instalado cuatro bancos rojos en General Alvear y un total de 29 en la Provincia. \u201c<strong><em>Mi hija Florencia comenz\u00f3 a trabajar en Bowen como polic\u00eda y en 2.016 la ex pareja la asesina y de ah\u00ed en m\u00e1s comienza el trabajo de visibilizar y concientizar sobre femicidio, porque septiembre de 2.016 fue el mes en que m\u00e1s mujeres fueron asesinadas en Mendoza. De ah\u00ed comenzamos a trabajar, llevar bancos rojos y dar charlas, porque es necesario que los adolescentes puedan conocer m\u00e1s sobre la tem\u00e1tica y c\u00f3mo hacer los pedidos de ayuda, que llegan a diario. Es impresionante la cantidad de mujeres que piden ayuda para ellas y para sus hijos, dado que los procesos judiciales son muy lentos para cuidar a las mujeres y para que los ni\u00f1os puedan crecer y vivir mejor<\/em><\/strong>\u201d.<\/span><\/p>\n","protected":false},"excerpt":{"rendered":"<p>Con la presencia de la Agrupaci\u00f3n Madres de Pie Mendoza, en la Plaza Manuel Belgrano de Alvear Oeste se inaugur\u00f3 un &#8230;<\/p>\n","protected":false},"author":8,"featured_media":106362,"comment_status":"open","ping_status":"open","sticky":false,"template":"","format":"standard","meta":{"footnotes":""},"categories":[5,10],"tags":[],"class_list":["post-106361","post","type-post","status-publish","format-standard","has-post-thumbnail","hentry","category-actualidad","category-destacadas"],"_links":{"self":[{"href":"https:\/\/vinasfm.com\/noticias\/wp-json\/wp\/v2\/posts\/106361","targetHints":{"allow":["GET"]}}],"collection":[{"href":"https:\/\/vinasfm.com\/noticias\/wp-json\/wp\/v2\/posts"}],"about":[{"href":"https:\/\/vinasfm.com\/noticias\/wp-json\/wp\/v2\/types\/post"}],"author":[{"embeddable":true,"href":"https:\/\/vinasfm.com\/noticias\/wp-json\/wp\/v2\/users\/8"}],"replies":[{"embeddable":true,"href":"https:\/\/vinasfm.com\/noticias\/wp-json\/wp\/v2\/comments?post=106361"}],"version-history":[{"count":3,"href":"https:\/\/vinasfm.com\/noticias\/wp-json\/wp\/v2\/posts\/106361\/revisions"}],"predecessor-version":[{"id":106386,"href":"https:\/\/vinasfm.com\/noticias\/wp-json\/wp\/v2\/posts\/106361\/revisions\/106386"}],"wp:featuredmedia":[{"embeddable":true,"href":"https:\/\/vinasfm.com\/noticias\/wp-json\/wp\/v2\/media\/106362"}],"wp:attachment":[{"href":"https:\/\/vinasfm.com\/noticias\/wp-json\/wp\/v2\/media?parent=106361"}],"wp:term":[{"taxonomy":"category","embeddable":true,"href":"https:\/\/vinasfm.com\/noticias\/wp-json\/wp\/v2\/categories?post=106361"},{"taxonomy":"post_tag","embeddable":true,"href":"https:\/\/vinasfm.com\/noticias\/wp-json\/wp\/v2\/tags?post=106361"}],"curies":[{"name":"wp","href":"https:\/\/api.w.org\/{rel}","templated":true}]}}