{"id":106349,"date":"2022-03-10T00:01:38","date_gmt":"2022-03-10T03:01:38","guid":{"rendered":"http:\/\/vinasfm.com\/noticias\/?p=106349"},"modified":"2022-03-10T10:08:15","modified_gmt":"2022-03-10T13:08:15","slug":"con-un-emotivo-acto-alvear-conmemoro-el-dia-internacional-de-la-mujer","status":"publish","type":"post","link":"https:\/\/vinasfm.com\/noticias\/con-un-emotivo-acto-alvear-conmemoro-el-dia-internacional-de-la-mujer\/","title":{"rendered":"CON UN EMOTIVO ACTO, ALVEAR CONMEMOR\u00d3 EL D\u00cdA INTERNACIONAL DE LA MUJER"},"content":{"rendered":"<h4><span style=\"color: #000000;\"><strong>En la Plaza de la Mujer se llev\u00f3 a cabo el acto protocolar por el D\u00eda Internacional de la Mujer, donde brind\u00f3 un discurso el Intendente Walther Marcolini junto a la Asesora de la Mujer y Desarrollo de la Familia Silvia Vega.<\/strong><\/span><\/h4>\n<p><span style=\"color: #000000;\">En el acto se brind\u00f3 un reconocimiento a una empleada municipal y se efectu\u00f3 el descubrimiento de seis t\u00f3tems con historias de mujeres, que, por ordenanza, han sido seleccionadas por la comunidad del barrio Smata para denominar sus calles. Ellas son: <strong><em>Mercedes Sosa, Alfonsina Storni, Alicia Moreau De Justo, Macacha G\u00fcemes, Julieta Lanteri<\/em> <\/strong>y <strong><em>Juana Azurduy<\/em><\/strong>.<\/span><\/p>\n<p><span style=\"color: #000000;\">\u201c<strong><em>Son mujeres referentes en la historia del pa\u00eds, algunas argentinas y otras que vinieron con sus familias desde el exterior. Ellas dejaron su legado en cada una de sus actividades, en la ciencia, en la poes\u00eda, en el arte y en la carrera militar, fueron destacadas y son ejemplo para nosotros<\/em><\/strong>\u201d, se\u00f1al\u00f3 la Asesora.<\/span><\/p>\n<p><span style=\"color: #000000;\">El Jefe Comunal subray\u00f3 que este es un momento de reflexi\u00f3n y de lucha: \u201c<em><strong>En este 8 de marzo es fundamental pensar en una sociedad donde la violencia contra la mujer tiene que ser erradicada. En Argentina se han producido 52 femicidios en los primeros dos meses del a\u00f1o, m\u00e1s de una mujer asesinada por d\u00eda<\/strong>. Esta sociedad en la que se han perdido valores, donde la violencia de todo tipo est\u00e1 instalada hace que tengamos esta cruda realidad. Por eso, <strong>destaco el trabajo de la Asesor\u00eda de la Mujer que fue pionera en c\u00f3mo tratar al hombre violento<\/strong>. Igualmente, <strong>tenemos que hacer un gran esfuerzo como comunidad para lograr la equidad y la igualdad, para construir una sociedad m\u00e1s justa, entre mujeres y hombres, todos juntos a la pa<\/strong><strong>r<\/strong><\/em>\u201d.<\/span><\/p>\n<div id=\"attachment_106351\" style=\"width: 300px\" class=\"wp-caption alignleft\"><a style=\"color: #000000;\" href=\"http:\/\/vinasfm.com\/noticias\/wp-content\/uploads\/2022\/03\/cbbfd9f9-848b-411f-9a62-5dcf824b7b3c.jpg\"><img loading=\"lazy\" decoding=\"async\" aria-describedby=\"caption-attachment-106351\" class=\"size-medium wp-image-106351\" src=\"http:\/\/vinasfm.com\/noticias\/wp-content\/uploads\/2022\/03\/cbbfd9f9-848b-411f-9a62-5dcf824b7b3c-300x200.jpg\" alt=\"\" width=\"300\" height=\"200\" srcset=\"https:\/\/vinasfm.com\/noticias\/wp-content\/uploads\/2022\/03\/cbbfd9f9-848b-411f-9a62-5dcf824b7b3c-300x200.jpg 300w, https:\/\/vinasfm.com\/noticias\/wp-content\/uploads\/2022\/03\/cbbfd9f9-848b-411f-9a62-5dcf824b7b3c-1024x682.jpg 1024w, https:\/\/vinasfm.com\/noticias\/wp-content\/uploads\/2022\/03\/cbbfd9f9-848b-411f-9a62-5dcf824b7b3c-768x512.jpg 768w, https:\/\/vinasfm.com\/noticias\/wp-content\/uploads\/2022\/03\/cbbfd9f9-848b-411f-9a62-5dcf824b7b3c.jpg 1280w\" sizes=\"auto, (max-width: 300px) 100vw, 300px\" \/><\/a><p id=\"caption-attachment-106351\" class=\"wp-caption-text\"><span style=\"color: #000000;\">Acto por el D\u00eda Internacional de la Mujer.<\/span><\/p><\/div>\n<p><span style=\"color: #000000;\">Por su parte,<strong> Silvia Vega<\/strong> se\u00f1al\u00f3: \u201c<em><strong>Es un d\u00eda de reconocimiento a todas aquellas que con esfuerzo y entrega han hecho posible que hoy vivamos en una sociedad m\u00e1s libre e igualitaria<\/strong>. El rol que le corresponde desempe\u00f1ar a la mujer del Siglo XXI en sus actividades de \u00edndole familiar, laboral, social, debiendo tener un papel protag\u00f3nico y conforme a exigencias que la actualidad requiere, interviniendo con preparaci\u00f3n para contribuir al desarrollo, interviniendo en diferentes trabajos y desempe\u00f1ando importantes cargos. <strong>El lema de la ONU 2.022 para este d\u00eda es Igualdad de g\u00e9nero hoy para un ma\u00f1ana sostenible y un reclamo de acci\u00f3n por el clima por y para las mujeres<\/strong><\/em>\u201d. <\/span><\/p>\n<p><span style=\"color: #000000;\">Adem\u00e1s, destac\u00f3 que existe un v\u00ednculo fundamental entre g\u00e9nero, equidad social y cambio clim\u00e1tico. Se debe reconocer que sin igualdad de g\u00e9nero hoy, el futuro sostenible y equitativo seguir\u00e1 estando fuera de alcance. \u201c<strong><em>Es necesario que se efectivice el derecho a vivir, sentir, trabajar, pensar, expresar ideas y llevar a cabo una vida digna, realizada, exitosa y con responsabilidad, a vivir sin discriminaci\u00f3n, en igualdad de condiciones y en libertad<\/em><\/strong>\u201d.<\/span><\/p>\n<p><span style=\"color: #000000;\">La empleada municipal que recibi\u00f3 un reconocimiento por su labor fue <strong>Mar\u00eda Teresa Ortiz<\/strong>, quien manifest\u00f3 su agradecimiento al Intendente Marcolini y a todos los presentes: \u201c<strong><em>Es un mimo para el alma, para seguir con m\u00e1s fuerzas. Me levanto a las cinco de la ma\u00f1ana, antes que llegue personal al municipio, limpio, luego me dedico al cuidado y mantenimiento de espacios verdes, podo, riego los jardines del frente del Concejo Deliberante, del municipio y de la Comisar\u00eda. Asisto tambi\u00e9n los s\u00e1bados, domingos y feriados desde hace 25 a\u00f1os<\/em><\/strong>\u201d.<\/span><\/p>\n","protected":false},"excerpt":{"rendered":"<p>En la Plaza de la Mujer se llev\u00f3 a cabo el acto protocolar por el D\u00eda Internacional de la Mujer, donde &#8230;<\/p>\n","protected":false},"author":8,"featured_media":106350,"comment_status":"open","ping_status":"open","sticky":false,"template":"","format":"standard","meta":{"footnotes":""},"categories":[5,10],"tags":[],"class_list":["post-106349","post","type-post","status-publish","format-standard","has-post-thumbnail","hentry","category-actualidad","category-destacadas"],"_links":{"self":[{"href":"https:\/\/vinasfm.com\/noticias\/wp-json\/wp\/v2\/posts\/106349","targetHints":{"allow":["GET"]}}],"collection":[{"href":"https:\/\/vinasfm.com\/noticias\/wp-json\/wp\/v2\/posts"}],"about":[{"href":"https:\/\/vinasfm.com\/noticias\/wp-json\/wp\/v2\/types\/post"}],"author":[{"embeddable":true,"href":"https:\/\/vinasfm.com\/noticias\/wp-json\/wp\/v2\/users\/8"}],"replies":[{"embeddable":true,"href":"https:\/\/vinasfm.com\/noticias\/wp-json\/wp\/v2\/comments?post=106349"}],"version-history":[{"count":2,"href":"https:\/\/vinasfm.com\/noticias\/wp-json\/wp\/v2\/posts\/106349\/revisions"}],"predecessor-version":[{"id":106381,"href":"https:\/\/vinasfm.com\/noticias\/wp-json\/wp\/v2\/posts\/106349\/revisions\/106381"}],"wp:featuredmedia":[{"embeddable":true,"href":"https:\/\/vinasfm.com\/noticias\/wp-json\/wp\/v2\/media\/106350"}],"wp:attachment":[{"href":"https:\/\/vinasfm.com\/noticias\/wp-json\/wp\/v2\/media?parent=106349"}],"wp:term":[{"taxonomy":"category","embeddable":true,"href":"https:\/\/vinasfm.com\/noticias\/wp-json\/wp\/v2\/categories?post=106349"},{"taxonomy":"post_tag","embeddable":true,"href":"https:\/\/vinasfm.com\/noticias\/wp-json\/wp\/v2\/tags?post=106349"}],"curies":[{"name":"wp","href":"https:\/\/api.w.org\/{rel}","templated":true}]}}