{"id":106329,"date":"2022-03-08T07:30:20","date_gmt":"2022-03-08T10:30:20","guid":{"rendered":"http:\/\/vinasfm.com\/noticias\/?p=106329"},"modified":"2022-03-10T09:01:11","modified_gmt":"2022-03-10T12:01:11","slug":"carolina-sendra-evaluo-su-participacion-en-la-vendimia-nacional-2022","status":"publish","type":"post","link":"https:\/\/vinasfm.com\/noticias\/carolina-sendra-evaluo-su-participacion-en-la-vendimia-nacional-2022\/","title":{"rendered":"CAROLINA SENDRA EVALU\u00d3 SU PARTICIPACI\u00d3N EN LA VENDIMIA NACIONAL 2022"},"content":{"rendered":"<h4><span style=\"color: #000000;\"><strong>La Reina Departamental de la Vendimia, Carolina Sendra, realiz\u00f3 un balance de su gran participaci\u00f3n en la Vendimia 2022, donde obtuvo el cuarto lugar, siendo la mejor ubicaci\u00f3n para una soberana departamental desde que se modific\u00f3 el sistema de votaci\u00f3n.<\/strong><\/span><\/h4>\n<p><span style=\"color: #000000;\">\u201c<strong><em>Fueron muchas sensaciones juntas, pero la principal fue de alegr\u00eda<\/em><\/strong>\u201d expres\u00f3 Carolina Sendra, quien asegur\u00f3 que, pese a estar a m\u00e1s de 300 km de Alvear, sinti\u00f3 el cari\u00f1o de toda la gente: \u201c<strong><em>Lo disfrut\u00e9 much\u00edsimo, y quiero agradecer a los alvearenses por darme su confianza, todav\u00eda nos queda un a\u00f1o de much\u00edsimo trabajo para difundir nuestra cultura y nuestros atractivos<\/em><\/strong>\u201d.<\/span><\/p>\n<p><span style=\"color: #000000;\">La Reina Departamental tambi\u00e9n se refiri\u00f3 al sistema de votaci\u00f3n de Vendimia: \u201c<strong><em>Para los departamentos m\u00e1s alejados es m\u00e1s dif\u00edcil, pero en esta Fiesta marcamos una diferencia porque logr\u00e9 quedar como 2\u00ba Princesa Nacional, creo que Alvear se hizo sentir en el Frank Romero Day, se habl\u00f3 de Alvear en todos lados y eso es lo que me queda en el coraz\u00f3n<\/em><\/strong>\u201d. Acerca de los proyectos a futuro, la soberana asegur\u00f3 que tiene much\u00edsimos proyectos para trabajar junto a la gente.<\/span><\/p>\n<p><span style=\"color: #000000;\">Por su parte, la<strong> Directora de Turismo Fabiana Gonz\u00e1lez<\/strong>, remarc\u00f3 que fue una Vendimia muy emocionante: \u201c<em><strong>Hay que agradecer a Carolina por su belleza interior y su calidez. Esta Fiesta nos deja un dolor en el coraz\u00f3n porque reafirmamos que el sistema de votaci\u00f3n es desfavorable para los departamentos alejados<\/strong><\/em>\u201d. El sistema marca que se realiza un sorteo y participa todo aquel que tiene una entrada, por lo que la votaci\u00f3n la realiza el p\u00fablico.<\/span><\/p>\n<p><span style=\"color: #000000;\">\u201c<strong><em>El 70% de la gente que ingresa son turistas, por lo que muchas veces no comprenden la l\u00f3gica de la votaci\u00f3n, y despu\u00e9s mucha gente que es de departamentos m\u00e1s cercanos, por lo que eligen a su Reina, que es lo l\u00f3gico pero desfavorece a los departamentos alejados<\/em><\/strong>\u201d dijo Gonz\u00e1lez, quien opt\u00f3 por quedarse con lo positivo, como la difusi\u00f3n que obtuvo Alvear en materia tur\u00edstica y el apoyo que cosech\u00f3 Carolina Sendra.<\/span><\/p>\n","protected":false},"excerpt":{"rendered":"<p>La Reina Departamental de la Vendimia, Carolina Sendra, realiz\u00f3 un balance de su gran participaci\u00f3n en la Vendimia 2022, donde obtuvo &#8230;<\/p>\n","protected":false},"author":8,"featured_media":106330,"comment_status":"open","ping_status":"open","sticky":false,"template":"","format":"standard","meta":{"footnotes":""},"categories":[5,25],"tags":[],"class_list":["post-106329","post","type-post","status-publish","format-standard","has-post-thumbnail","hentry","category-actualidad","category-vendimia"],"_links":{"self":[{"href":"https:\/\/vinasfm.com\/noticias\/wp-json\/wp\/v2\/posts\/106329","targetHints":{"allow":["GET"]}}],"collection":[{"href":"https:\/\/vinasfm.com\/noticias\/wp-json\/wp\/v2\/posts"}],"about":[{"href":"https:\/\/vinasfm.com\/noticias\/wp-json\/wp\/v2\/types\/post"}],"author":[{"embeddable":true,"href":"https:\/\/vinasfm.com\/noticias\/wp-json\/wp\/v2\/users\/8"}],"replies":[{"embeddable":true,"href":"https:\/\/vinasfm.com\/noticias\/wp-json\/wp\/v2\/comments?post=106329"}],"version-history":[{"count":3,"href":"https:\/\/vinasfm.com\/noticias\/wp-json\/wp\/v2\/posts\/106329\/revisions"}],"predecessor-version":[{"id":106333,"href":"https:\/\/vinasfm.com\/noticias\/wp-json\/wp\/v2\/posts\/106329\/revisions\/106333"}],"wp:featuredmedia":[{"embeddable":true,"href":"https:\/\/vinasfm.com\/noticias\/wp-json\/wp\/v2\/media\/106330"}],"wp:attachment":[{"href":"https:\/\/vinasfm.com\/noticias\/wp-json\/wp\/v2\/media?parent=106329"}],"wp:term":[{"taxonomy":"category","embeddable":true,"href":"https:\/\/vinasfm.com\/noticias\/wp-json\/wp\/v2\/categories?post=106329"},{"taxonomy":"post_tag","embeddable":true,"href":"https:\/\/vinasfm.com\/noticias\/wp-json\/wp\/v2\/tags?post=106329"}],"curies":[{"name":"wp","href":"https:\/\/api.w.org\/{rel}","templated":true}]}}