{"id":106296,"date":"2022-03-08T00:01:07","date_gmt":"2022-03-08T03:01:07","guid":{"rendered":"http:\/\/vinasfm.com\/noticias\/?p=106296"},"modified":"2022-03-08T09:53:25","modified_gmt":"2022-03-08T12:53:25","slug":"paritarias-el-gobierno-provincial-hizo-una-segunda-oferta-salarial-a-los-estatales","status":"publish","type":"post","link":"https:\/\/vinasfm.com\/noticias\/paritarias-el-gobierno-provincial-hizo-una-segunda-oferta-salarial-a-los-estatales\/","title":{"rendered":"PARITARIAS: EL GOBIERNO PROVINCIAL HIZO UNA SEGUNDA OFERTA SALARIAL A LOS ESTATALES"},"content":{"rendered":"<h4><span style=\"color: #000000;\"><strong>Este lunes 7 de marzo, luego de haberse realizado las mesas t\u00e9cnicas salariales, se reanudan las reuniones paritarias entre los miembros del Gobierno y los representantes gremiales.<\/strong><\/span><\/h4>\n<p><span style=\"color: #000000;\">La propuesta hecha por el Ejecutivo provincial, luego de haber escuchado las necesidades y demandas del gremio, conlleva una <strong>recomposici\u00f3n salarial integral 100 % remunerativa.<\/strong>\u00a0<\/span><\/p>\n<p><span style=\"color: #000000;\">La propuesta concreta contiene los siguientes puntos principales:<\/span><\/p>\n<ul>\n<li><span style=\"color: #000000;\"><strong>La recomposici\u00f3n salarial contempla un incremento 100 % remunerativo.<\/strong><\/span><\/li>\n<li><span style=\"color: #000000;\"><strong>Se reforz\u00f3 el incremento del b\u00e1sico en el primer semestre.<\/strong><\/span><\/li>\n<li><span style=\"color: #000000;\"><strong>Se adelanta la mesa de revisi\u00f3n salarial de octubre a setiembre de 2022.<\/strong><\/span><\/li>\n<li><span style=\"color: #000000;\"><strong>Se incrementan y\/o crean \u00edtems espec\u00edficos remunerativos transversales a cada r\u00e9gimen estatal.<\/strong><\/span><\/li>\n<li><span style=\"color: #000000;\"><strong>La suma fija de $ 7.200 mensuales se ofrece ahora de forma remunerativa.<\/strong><\/span><\/li>\n<li><span style=\"color: #000000;\"><strong>Es importante recordar que, luego de analizar los pedidos realizados por los distintos representantes, el Gobierno increment\u00f3 a partir de marzo las asignaciones familiares a los agentes estatales que poseen hijos en edad escolar y\/o hijos con discapacidad.<\/strong><\/span><\/li>\n<\/ul>\n<p><span style=\"color: #000000;\">La subsecretar\u00eda de Gesti\u00f3n P\u00fablica y Modernizaci\u00f3n del Estado, Beatriz Mart\u00ednez, afirm\u00f3 que \u201c<strong><em>la propuesta salarial es 100% remunerativa y procura una recomposici\u00f3n del salario de los agentes p\u00fablicos, en particular de aquellos que perciben salarios menores y de los que con su silenciosa labor permitieron atravesar la compleja situaci\u00f3n sanitaria producto de la pandemia<\/em><\/strong>\u201d.<\/span><\/p>\n<p><span style=\"color: #000000;\">La funcionaria tambi\u00e9n detall\u00f3 que \u201c<strong><em>la propuesta consiste en un porcentual sobre el b\u00e1sico del 40% pero, a diferencia del primer ofrecimiento, se adelantar\u00e1n porcentuales al primer semestre. Adem\u00e1s, la creaci\u00f3n de un \u00edtem espec\u00edfico para el r\u00e9gimen 15 denominado \u201cFunci\u00f3n esencial\u201d, que priorizar\u00e1 a quienes hayan cumplido funciones durante la pandemia. Asimismo, se ofrece una suma fija remunerativa de $7.200 pesos mensuales a partir de marzo<\/em><\/strong>\u201d.<\/span><\/p>\n<p><span style=\"color: #000000;\">\u201c<strong><em>Atendiendo a un pedido generalizado de todos los sectores, las mesas de revisi\u00f3n se adelantan al mes de setiembre<\/em><\/strong>\u201d, agreg\u00f3 la subsecretaria.<\/span><\/p>\n","protected":false},"excerpt":{"rendered":"<p>Este lunes 7 de marzo, luego de haberse realizado las mesas t\u00e9cnicas salariales, se reanudan las reuniones paritarias entre los miembros &#8230;<\/p>\n","protected":false},"author":8,"featured_media":106298,"comment_status":"open","ping_status":"open","sticky":false,"template":"","format":"standard","meta":{"footnotes":""},"categories":[5,172],"tags":[],"class_list":["post-106296","post","type-post","status-publish","format-standard","has-post-thumbnail","hentry","category-actualidad","category-paritarias"],"_links":{"self":[{"href":"https:\/\/vinasfm.com\/noticias\/wp-json\/wp\/v2\/posts\/106296","targetHints":{"allow":["GET"]}}],"collection":[{"href":"https:\/\/vinasfm.com\/noticias\/wp-json\/wp\/v2\/posts"}],"about":[{"href":"https:\/\/vinasfm.com\/noticias\/wp-json\/wp\/v2\/types\/post"}],"author":[{"embeddable":true,"href":"https:\/\/vinasfm.com\/noticias\/wp-json\/wp\/v2\/users\/8"}],"replies":[{"embeddable":true,"href":"https:\/\/vinasfm.com\/noticias\/wp-json\/wp\/v2\/comments?post=106296"}],"version-history":[{"count":2,"href":"https:\/\/vinasfm.com\/noticias\/wp-json\/wp\/v2\/posts\/106296\/revisions"}],"predecessor-version":[{"id":106300,"href":"https:\/\/vinasfm.com\/noticias\/wp-json\/wp\/v2\/posts\/106296\/revisions\/106300"}],"wp:featuredmedia":[{"embeddable":true,"href":"https:\/\/vinasfm.com\/noticias\/wp-json\/wp\/v2\/media\/106298"}],"wp:attachment":[{"href":"https:\/\/vinasfm.com\/noticias\/wp-json\/wp\/v2\/media?parent=106296"}],"wp:term":[{"taxonomy":"category","embeddable":true,"href":"https:\/\/vinasfm.com\/noticias\/wp-json\/wp\/v2\/categories?post=106296"},{"taxonomy":"post_tag","embeddable":true,"href":"https:\/\/vinasfm.com\/noticias\/wp-json\/wp\/v2\/tags?post=106296"}],"curies":[{"name":"wp","href":"https:\/\/api.w.org\/{rel}","templated":true}]}}