{"id":106255,"date":"2022-03-05T23:59:53","date_gmt":"2022-03-06T02:59:53","guid":{"rendered":"http:\/\/vinasfm.com\/noticias\/?p=106255"},"modified":"2022-03-08T09:54:13","modified_gmt":"2022-03-08T12:54:13","slug":"los-vinateros-de-57-anos-con-25-de-aportes-ya-pueden-jubilarse","status":"publish","type":"post","link":"https:\/\/vinasfm.com\/noticias\/los-vinateros-de-57-anos-con-25-de-aportes-ya-pueden-jubilarse\/","title":{"rendered":"LOS VI\u00d1ATEROS DE 57 A\u00d1OS CON 25 DE APORTES YA PUEDEN JUBILARSE"},"content":{"rendered":"<article class=\"article-body first\">\n<div class=\"article-content\">\n<div class=\"cuerpo\" data-twitter-link=\"\">\n<p><span style=\"color: #000000;\">El presidente Alberto Fern\u00e1ndez<strong>\u00a0firm\u00f3 el decreto de reglamentaci\u00f3n de\u00a0la Ley N\u00b0 27.643 que establece un R\u00e9gimen Previsional Especial para Trabajadoras y Trabajadores de vi\u00f1as y Contratistas de vi\u00f1as.<\/strong>\u00a0El proyecto, que fuera aprobado en octubre del a\u00f1o pasado, es de autor\u00eda de la senadora mendocina<strong>\u00a0Anabel Fern\u00e1ndez Sagasti (PJ)\u00a0<\/strong>y su colega chaque\u00f1a Mar\u00eda In\u00e9s Pilatti Vergara.<\/span><\/p>\n<div class=\"AV6086e599b48c535c8d3f5088\">\n<div id=\"aniBox\">\n<div id=\"aniplayer_AV6086e599b48c535c8d3f5088-1646484717076\">\n<div id=\"aniplayer_AV6086e599b48c535c8d3f5088-1646484717076gui\">\n<div id=\"av-caption\">\n<div id=\"av-close-btn-overlay\" class=\"av-pos-top-left\">\n<div id=\"av-close-btn\"><span style=\"color: #000000;\">Conforme la publicaci\u00f3n en el Bolet\u00edn oficial, las personas incluidas en el nuevo r\u00e9gimen son:<\/span><\/div>\n<div>\n<ul>\n<li><span style=\"color: #000000;\">Las t<strong>rabajadoras y los trabajadores que desarrollan tareas de cultivo y cuidado de la vid<\/strong>, enmarcadas en el Convenio colectivo de trabajo N\u00b0 154\/91 y\/o los que en su futuro lo reemplacen,\u00a0<strong>y que se encuentran en relaci\u00f3n de dependencia en establecimientos vi\u00f1ateros<\/strong>, incluso aquellos que tambi\u00e9n posean olivares y frutales, siempre y cuando su actividad principal sea la vit\u00edcola.<\/span><\/li>\n<li><span style=\"color: #000000;\">Las y los\u00a0<strong>contratistas de vi\u00f1as y frutales<\/strong>, comprendidos en la Ley N\u00b0 23.154 que restableci\u00f3 la plena vigencia de la Ley N\u00b0 20.589, siempre y cuando su actividad principal sea la vit\u00edcola y que se encuentren inscriptos en el Registro de Inscripci\u00f3n de Contratistas de Vi\u00f1as y Frutales, ya sea de \u00edndole nacional y\/o provincial.<\/span><\/li>\n<\/ul>\n<p><span style=\"color: #000000;\">Seg\u00fan datos aportados por los legisladores nacionales, con esta ley se beneficiar\u00e1n alrededor de 40 mil personas.<\/span><\/p>\n<p><span style=\"color: #000000;\">De acuerdo a la iniciativa, l<strong>os trabajadores de la actividad vit\u00edcola podr\u00edan jubilarse con 57 a\u00f1os<\/strong>\u00a0cuando tengan acreditado 25 a\u00f1os de servicios.<\/span><\/p>\n<p><span style=\"color: #000000;\">La\u00a0<strong>contribuci\u00f3n patronal<\/strong>\u00a0respecto de las tareas referidas ser\u00e1 la que rija en el r\u00e9gimen com\u00fan (Sistema Integrado Previsional Argentino)\u00a0<strong>incrementada en dos puntos porcentuales<\/strong>. Esa suba debe hacerse efectiva a partir del 1 de diciembre de 2021, establece el decreto reglamentario publicado.<\/span><\/p>\n<\/div>\n<div><\/div>\n<\/div>\n<\/div>\n<\/div>\n<\/div>\n<\/div>\n<\/div>\n<\/div>\n<\/div>\n<\/article>\n","protected":false},"excerpt":{"rendered":"<p>El presidente Alberto Fern\u00e1ndez\u00a0firm\u00f3 el decreto de reglamentaci\u00f3n de\u00a0la Ley N\u00b0 27.643 que establece un R\u00e9gimen Previsional Especial para Trabajadoras y &#8230;<\/p>\n","protected":false},"author":8,"featured_media":106256,"comment_status":"open","ping_status":"open","sticky":false,"template":"","format":"standard","meta":{"footnotes":""},"categories":[5,14],"tags":[],"class_list":["post-106255","post","type-post","status-publish","format-standard","has-post-thumbnail","hentry","category-actualidad","category-agro"],"_links":{"self":[{"href":"https:\/\/vinasfm.com\/noticias\/wp-json\/wp\/v2\/posts\/106255","targetHints":{"allow":["GET"]}}],"collection":[{"href":"https:\/\/vinasfm.com\/noticias\/wp-json\/wp\/v2\/posts"}],"about":[{"href":"https:\/\/vinasfm.com\/noticias\/wp-json\/wp\/v2\/types\/post"}],"author":[{"embeddable":true,"href":"https:\/\/vinasfm.com\/noticias\/wp-json\/wp\/v2\/users\/8"}],"replies":[{"embeddable":true,"href":"https:\/\/vinasfm.com\/noticias\/wp-json\/wp\/v2\/comments?post=106255"}],"version-history":[{"count":1,"href":"https:\/\/vinasfm.com\/noticias\/wp-json\/wp\/v2\/posts\/106255\/revisions"}],"predecessor-version":[{"id":106257,"href":"https:\/\/vinasfm.com\/noticias\/wp-json\/wp\/v2\/posts\/106255\/revisions\/106257"}],"wp:featuredmedia":[{"embeddable":true,"href":"https:\/\/vinasfm.com\/noticias\/wp-json\/wp\/v2\/media\/106256"}],"wp:attachment":[{"href":"https:\/\/vinasfm.com\/noticias\/wp-json\/wp\/v2\/media?parent=106255"}],"wp:term":[{"taxonomy":"category","embeddable":true,"href":"https:\/\/vinasfm.com\/noticias\/wp-json\/wp\/v2\/categories?post=106255"},{"taxonomy":"post_tag","embeddable":true,"href":"https:\/\/vinasfm.com\/noticias\/wp-json\/wp\/v2\/tags?post=106255"}],"curies":[{"name":"wp","href":"https:\/\/api.w.org\/{rel}","templated":true}]}}