{"id":106248,"date":"2022-03-18T08:00:27","date_gmt":"2022-03-18T11:00:27","guid":{"rendered":"http:\/\/vinasfm.com\/noticias\/?p=106248"},"modified":"2022-03-18T09:43:36","modified_gmt":"2022-03-18T12:43:36","slug":"alvear-reporto-7-nuevos-contagios-en-las-ultimas-48-horas","status":"publish","type":"post","link":"https:\/\/vinasfm.com\/noticias\/alvear-reporto-7-nuevos-contagios-en-las-ultimas-48-horas\/","title":{"rendered":"ALVEAR REPORT\u00d3 UN NUEVO CASO DE COVID-19"},"content":{"rendered":"<h4><span style=\"color: #000000;\"><strong>El sistema sanitario local inform\u00f3 que las 11 muestras de PCR procesada en las \u00faltimas 24 horas, una arroj\u00f3 resultado positivo de Covid-19.\u00a0<\/strong><\/span><\/h4>\n<p><span style=\"color: #000000;\">Al\u00a0momento, el total de casos acumulados en el\u00a0<em><strong>Hospital Enfermeros Argentinos<\/strong><\/em>\u00a0es de\u00a0<strong><em>8.279 <\/em><\/strong>desde el comienzo de la pandemia de los cuales\u00a0<em><strong>32 pacientes transitan actualmente la enfermedad<\/strong><\/em>,\u00a0<em><strong>8.028 se han recuperado y 219 pacientes han perdido la vida.\u00a0<\/strong><\/em><\/span><\/p>\n<h4 style=\"text-align: center;\"><span style=\"color: #000000;\"><strong>INFORME REGI\u00d3N SUR\u00a0<\/strong><\/span><\/h4>\n<p><span style=\"color: #000000;\">Entre <strong>jueves<\/strong>\u00a0los tres departamentos del Sur se realizaron <strong>61 PCR<\/strong>, de las cuales\u00a0<strong>57 <\/strong><strong>muestras resultaron negativas<\/strong>\u00a0y\u00a0<strong>4 positivas<\/strong>.<\/span><\/p>\n<ul>\n<li><span style=\"color: #000000;\"><em><strong>GENERAL ALVEAR:<\/strong><\/em> <strong>1<\/strong>\u00a0<strong>caso positivo.<\/strong><\/span><\/li>\n<li><span style=\"color: #000000;\"><em><strong>SAN<\/strong><strong>\u00a0RAFAEL:<\/strong><\/em> 3 casos positivos.<\/span><\/li>\n<li><span style=\"color: #000000;\"><strong><em>MALARG\u00dcE<\/em><\/strong>:\u00a0 sin casos positivos.<\/span><\/li>\n<\/ul>\n<p><span style=\"color: #000000;\">Con estas cifras, San Rafael, General Alvear y Malarg\u00fce cuentan con\u00a0<strong>43.161 casos confirmados<\/strong>\u00a0desde el inicio de la pandemia de los cuales\u00a0<strong>41.914 se han recuperado<\/strong>\u00a0y\u00a0<strong>844 han fallecido<\/strong>.<\/span><\/p>\n","protected":false},"excerpt":{"rendered":"<p>El sistema sanitario local inform\u00f3 que las 11 muestras de PCR procesada en las \u00faltimas 24 horas, una arroj\u00f3 resultado positivo &#8230;<\/p>\n","protected":false},"author":8,"featured_media":70682,"comment_status":"open","ping_status":"open","sticky":false,"template":"","format":"standard","meta":{"footnotes":""},"categories":[5,62],"tags":[],"class_list":["post-106248","post","type-post","status-publish","format-standard","has-post-thumbnail","hentry","category-actualidad","category-coronavirus"],"_links":{"self":[{"href":"https:\/\/vinasfm.com\/noticias\/wp-json\/wp\/v2\/posts\/106248","targetHints":{"allow":["GET"]}}],"collection":[{"href":"https:\/\/vinasfm.com\/noticias\/wp-json\/wp\/v2\/posts"}],"about":[{"href":"https:\/\/vinasfm.com\/noticias\/wp-json\/wp\/v2\/types\/post"}],"author":[{"embeddable":true,"href":"https:\/\/vinasfm.com\/noticias\/wp-json\/wp\/v2\/users\/8"}],"replies":[{"embeddable":true,"href":"https:\/\/vinasfm.com\/noticias\/wp-json\/wp\/v2\/comments?post=106248"}],"version-history":[{"count":8,"href":"https:\/\/vinasfm.com\/noticias\/wp-json\/wp\/v2\/posts\/106248\/revisions"}],"predecessor-version":[{"id":106422,"href":"https:\/\/vinasfm.com\/noticias\/wp-json\/wp\/v2\/posts\/106248\/revisions\/106422"}],"wp:featuredmedia":[{"embeddable":true,"href":"https:\/\/vinasfm.com\/noticias\/wp-json\/wp\/v2\/media\/70682"}],"wp:attachment":[{"href":"https:\/\/vinasfm.com\/noticias\/wp-json\/wp\/v2\/media?parent=106248"}],"wp:term":[{"taxonomy":"category","embeddable":true,"href":"https:\/\/vinasfm.com\/noticias\/wp-json\/wp\/v2\/categories?post=106248"},{"taxonomy":"post_tag","embeddable":true,"href":"https:\/\/vinasfm.com\/noticias\/wp-json\/wp\/v2\/tags?post=106248"}],"curies":[{"name":"wp","href":"https:\/\/api.w.org\/{rel}","templated":true}]}}