{"id":106237,"date":"2022-03-05T23:59:45","date_gmt":"2022-03-06T02:59:45","guid":{"rendered":"http:\/\/vinasfm.com\/noticias\/?p=106237"},"modified":"2022-03-08T09:54:40","modified_gmt":"2022-03-08T12:54:40","slug":"beneficiarios-de-anses-deben-realizar-el-tramite-de-fe-de-vida-para-seguir-cobrando","status":"publish","type":"post","link":"https:\/\/vinasfm.com\/noticias\/beneficiarios-de-anses-deben-realizar-el-tramite-de-fe-de-vida-para-seguir-cobrando\/","title":{"rendered":"BENEFICIARIOS DE ANSES DEBEN REALIZAR EL TR\u00c1MITE DE FE DE VIDA PARA SEGUIR COBRANDO"},"content":{"rendered":"<h4><span style=\"color: #000000;\"><strong><span style=\"color: #000000;\">Luego de que varios beneficiarios de ANSES se hayan visto impedidos de cobrar por cajero su haber correspondiente al mes de marzo, la titular del organismo en Alvear Myrna Osorio indic\u00f3 que deben realizar el tramite de fe de vida (o supervivencia) para poder percibir su prestaci\u00f3n. Moment\u00e1neamente\u00a0puede cobrar por ventanilla.<\/span><\/strong><\/span><\/h4>\n<p><span style=\"color: #000000;\">Consultada sobre el reclamo de varios beneficiarios que en los \u00faltimos d\u00edas, con el comienzo del cronograma de pagos, no pudieron extraer su haber mediante la tarjeta de debito, la funcionaria asegur\u00f3 en di\u00e1logo con<strong> F.M. VI\u00d1AS<\/strong>: &#8216;<strong><em>Aquellos que han tenido fecha de pago esta semana y no estaba acreditado en sus cuentas bancarias su haber tienen la posibilidad por este mes de ir a cobrarlo por ventanilla llevando el DNI, en el d\u00eda que les corresponda&#8217;<\/em><\/strong>, asegur\u00f3.<\/span><\/p>\n<p><span style=\"color: #000000;\">En este sentido, se\u00f1al\u00f3 que &#8216;<strong><em>ANSES ha depositado los fondos correspondientes a cada beneficio pero las entidades bancarias no lo han transferido puesto que cada uno debe hacer el tr\u00e1mite de fe de vida<\/em><\/strong>&#8216;.\u00a0<\/span><\/p>\n<p><span style=\"color: #000000;\">&#8216;<strong><em>Los bancos comenzaron a registrar las huellas para vincularlas con los datos que tenemos en ANSES. En el caso de las pensiones no les tomamos la huella al tramitarlas por lo que al ir a cajero este mes no pudieron cobrar por lo que es necesario que pidan turno en la entidad bancaria en la que est\u00e1n acogidos para hacer el tramite<\/em><\/strong>&#8216;, agreg\u00f3 Osorio.<\/span><\/p>\n<h4><span style=\"color: #000000;\"><strong>Pensiones no Contributivas (PNC)<\/strong><\/span><\/h4>\n<p><span style=\"color: #000000;\">Con cambios por Carnaval, son el primer grupo en cobrar en las siguientes fechas:<\/span><\/p>\n<ul>\n<li><span style=\"color: #000000;\">DNI terminados en 0 y 1\u00a0&#x27a1; mi\u00e9rcoles 2 de marzo (martes 1 es feriado)<\/span><\/li>\n<li><span style=\"color: #000000;\">DNI terminados en 2 y 3\u00a0&#x27a1; jueves 3 de marzo<\/span><\/li>\n<li><span style=\"color: #000000;\">DNI terminados en 4 y 5\u00a0&#x27a1; viernes 4 de marzo<\/span><\/li>\n<li><span style=\"color: #000000;\">DNI terminados en 6 y 7\u00a0&#x27a1; lunes 7 de marzo<\/span><\/li>\n<li><span style=\"color: #000000;\">DNI terminados en 8 y 9\u00a0&#x27a1; martes 8 de marzo<\/span><\/li>\n<\/ul>\n<p><span style=\"color: #000000;\">En cuanto a los\u00a0<strong>montos, con el aumento quedan as\u00ed:<\/strong><\/span><\/p>\n<ul>\n<li><span style=\"color: #000000;\">PNC Madres de 7 hijos &#x27a1; cobra lo mismo que una jubilaci\u00f3n m\u00ednima, es decir que en marzo percibir\u00e1n\u00a0<strong>$32.630,40<\/strong>. Sin embargo, se suman tambi\u00e9n los $12.000 de Tarjeta Alimentaria.<\/span><\/li>\n<li><span style=\"color: #000000;\">Pensi\u00f3n por Invalidez\u00a0&#x27a1; pasa a ser de\u00a0<strong>$22.841<\/strong>\u00a0aproximadamente (70% de la m\u00ednima).<\/span><\/li>\n<li><span style=\"color: #000000;\">Pensi\u00f3n por Discapacidad\u00a0&#x27a1;\u00a0<strong>$22.733<\/strong>\u00a0aproximadamente.<\/span><\/li>\n<li><span style=\"color: #000000;\">Pensi\u00f3n Universal al Adulto Mayor (PUAM) &#x27a1; <strong>$26.104<\/strong>\u00a0va a cobrar aproximadamente este grupo (80% de la m\u00ednima).<\/span><\/li>\n<\/ul>\n","protected":false},"excerpt":{"rendered":"<p>Luego de que varios beneficiarios de ANSES se hayan visto impedidos de cobrar por cajero su haber correspondiente al mes de &#8230;<\/p>\n","protected":false},"author":8,"featured_media":106238,"comment_status":"open","ping_status":"open","sticky":false,"template":"","format":"standard","meta":{"footnotes":""},"categories":[5,50],"tags":[],"class_list":["post-106237","post","type-post","status-publish","format-standard","has-post-thumbnail","hentry","category-actualidad","category-anses"],"_links":{"self":[{"href":"https:\/\/vinasfm.com\/noticias\/wp-json\/wp\/v2\/posts\/106237","targetHints":{"allow":["GET"]}}],"collection":[{"href":"https:\/\/vinasfm.com\/noticias\/wp-json\/wp\/v2\/posts"}],"about":[{"href":"https:\/\/vinasfm.com\/noticias\/wp-json\/wp\/v2\/types\/post"}],"author":[{"embeddable":true,"href":"https:\/\/vinasfm.com\/noticias\/wp-json\/wp\/v2\/users\/8"}],"replies":[{"embeddable":true,"href":"https:\/\/vinasfm.com\/noticias\/wp-json\/wp\/v2\/comments?post=106237"}],"version-history":[{"count":4,"href":"https:\/\/vinasfm.com\/noticias\/wp-json\/wp\/v2\/posts\/106237\/revisions"}],"predecessor-version":[{"id":106288,"href":"https:\/\/vinasfm.com\/noticias\/wp-json\/wp\/v2\/posts\/106237\/revisions\/106288"}],"wp:featuredmedia":[{"embeddable":true,"href":"https:\/\/vinasfm.com\/noticias\/wp-json\/wp\/v2\/media\/106238"}],"wp:attachment":[{"href":"https:\/\/vinasfm.com\/noticias\/wp-json\/wp\/v2\/media?parent=106237"}],"wp:term":[{"taxonomy":"category","embeddable":true,"href":"https:\/\/vinasfm.com\/noticias\/wp-json\/wp\/v2\/categories?post=106237"},{"taxonomy":"post_tag","embeddable":true,"href":"https:\/\/vinasfm.com\/noticias\/wp-json\/wp\/v2\/tags?post=106237"}],"curies":[{"name":"wp","href":"https:\/\/api.w.org\/{rel}","templated":true}]}}