{"id":106208,"date":"2022-03-04T23:59:41","date_gmt":"2022-03-05T02:59:41","guid":{"rendered":"http:\/\/vinasfm.com\/noticias\/?p=106208"},"modified":"2022-03-07T09:12:57","modified_gmt":"2022-03-07T12:12:57","slug":"se-firmo-el-convenio-pim-el-municipio-e-infraestructura-para-la-realizacion-de-asfaltos-en-alvear","status":"publish","type":"post","link":"https:\/\/vinasfm.com\/noticias\/se-firmo-el-convenio-pim-el-municipio-e-infraestructura-para-la-realizacion-de-asfaltos-en-alvear\/","title":{"rendered":"SE FIRM\u00d3 EL CONVENIO PIM ENTRE EL MUNICIPIO E INFRAESTRUCTURA PARA LA REALIZACI\u00d3N DE ASFALTOS EN ALVEAR"},"content":{"rendered":"<h4><span style=\"color: #000000;\"><strong>El intendente Walther Marcolini junto al Ministro de Infraestructura y Planificaci\u00f3n de Mendoza Mario Isgr\u00f3, la Directora de Planificaci\u00f3n Ana Daher y el Secretario de Obras y Servicios P\u00fablicos Jorge P\u00e9rez firm\u00f3 el convenio PIM (Programa de Infraestructura Municipal) por un monto de 40 millones de pesos, que en el caso de General Alvear ser\u00e1 destinado al asfaltado en zona urbana y la recuperaci\u00f3n de la carpeta asf\u00e1ltica deteriorada, con microaglomerado.<\/strong><\/span><\/h4>\n<p><span style=\"color: #000000;\">El Jefe Comunal destac\u00f3 la tarea integral que se est\u00e1 llevando adelante en nuestro departamento junto con el <strong>Ministerio de Infraestructura y Planificaci\u00f3n de la Provincia<\/strong>, ya que adem\u00e1s de la firma de este importante convenio para la recuperaci\u00f3n de asfaltos, tambi\u00e9n se est\u00e1 trabajando en el 74 viviendas industrializadas correspondientes al Barrio Malvinas Argentinas, 16 viviendas rurales que son parte del Barrio Don Valent\u00edn. <\/span><\/p>\n<p><span style=\"color: #000000;\">\u201c<strong><em>Es importante que en los departamentos m\u00e1s alejados se trabaje en la zona rural, eso es lo que estamos haciendo en Bowen. Tambi\u00e9n en el distrito se est\u00e1 ejecutando, con fondos provinciales, el Jard\u00edn Rosarito de Luz, de mil metros cuadrados cubiertos con una inversi\u00f3n de m\u00e1s de 130 millones de pesos. En forma conjunta con Vialidad Provincial se est\u00e1 ejecutando la obra de la Diagonal Jorge Sim\u00f3n, una arteria central de acceso a la Ciudad, como as\u00ed tambi\u00e9n la calle G y la calle 7<\/em><\/strong>\u201d, explic\u00f3 el intendente.<\/span><\/p>\n<p><span style=\"color: #000000;\">Asimismo se est\u00e1 trabajando en el<strong> puente de calle Centenario y calle 13<\/strong>, sobre un desag\u00fce de importantes dimensiones, y que se espera est\u00e9 finalizada la pr\u00f3xima semana por el impacto que tiene esa arteria en la zona productiva.<\/span><\/p>\n<p><span style=\"color: #000000;\">Por su parte el Ministro de Infraestructura y Planificaci\u00f3n de Mendoza Mario Isgr\u00f3 se refiri\u00f3 al convenio PIM: \u201c<strong><em>Este programa se refiere a obras que tienen que ver con la recuperaci\u00f3n de carpetas asf\u00e1lticas en un contexto de otras tareas que se est\u00e1n desarrollando en General Alvear<\/em><\/strong>\u201d. Isgr\u00f3 destac\u00f3 la agilidad con la que se trabaja en el departamento en cada una de las fases requeridas para cada obra, en el caso de las obras referidas a vivienda manifest\u00f3: \u201c<strong><em>Este proyecto es una experiencia que lleg\u00f3 para quedarse, que es construir viviendas sustentables con otra metodolog\u00eda y velocidad, que da respuesta a la Ley de Etiquetado Energ\u00e9tico, lo que hace que las viviendas tengan que certificar una calidad ambiental, siendo las de General Alvear de las primeras en enfrentar este desaf\u00edo<\/em><\/strong>\u201d.<\/span><\/p>\n<p><span style=\"color: #000000;\">En este mismo sentido, Isgr\u00f3 adelant\u00f3 que en las pr\u00f3ximas semanas se realizar\u00e1 una visita a nuestro departamento para identificar las necesidad que puedan tener una respuesta a trav\u00e9s de obras.<\/span><\/p>\n","protected":false},"excerpt":{"rendered":"<p>El intendente Walther Marcolini junto al Ministro de Infraestructura y Planificaci\u00f3n de Mendoza Mario Isgr\u00f3, la Directora de Planificaci\u00f3n Ana Daher &#8230;<\/p>\n","protected":false},"author":8,"featured_media":106209,"comment_status":"open","ping_status":"open","sticky":false,"template":"","format":"standard","meta":{"footnotes":""},"categories":[5,10],"tags":[],"class_list":["post-106208","post","type-post","status-publish","format-standard","has-post-thumbnail","hentry","category-actualidad","category-destacadas"],"_links":{"self":[{"href":"https:\/\/vinasfm.com\/noticias\/wp-json\/wp\/v2\/posts\/106208","targetHints":{"allow":["GET"]}}],"collection":[{"href":"https:\/\/vinasfm.com\/noticias\/wp-json\/wp\/v2\/posts"}],"about":[{"href":"https:\/\/vinasfm.com\/noticias\/wp-json\/wp\/v2\/types\/post"}],"author":[{"embeddable":true,"href":"https:\/\/vinasfm.com\/noticias\/wp-json\/wp\/v2\/users\/8"}],"replies":[{"embeddable":true,"href":"https:\/\/vinasfm.com\/noticias\/wp-json\/wp\/v2\/comments?post=106208"}],"version-history":[{"count":2,"href":"https:\/\/vinasfm.com\/noticias\/wp-json\/wp\/v2\/posts\/106208\/revisions"}],"predecessor-version":[{"id":106267,"href":"https:\/\/vinasfm.com\/noticias\/wp-json\/wp\/v2\/posts\/106208\/revisions\/106267"}],"wp:featuredmedia":[{"embeddable":true,"href":"https:\/\/vinasfm.com\/noticias\/wp-json\/wp\/v2\/media\/106209"}],"wp:attachment":[{"href":"https:\/\/vinasfm.com\/noticias\/wp-json\/wp\/v2\/media?parent=106208"}],"wp:term":[{"taxonomy":"category","embeddable":true,"href":"https:\/\/vinasfm.com\/noticias\/wp-json\/wp\/v2\/categories?post=106208"},{"taxonomy":"post_tag","embeddable":true,"href":"https:\/\/vinasfm.com\/noticias\/wp-json\/wp\/v2\/tags?post=106208"}],"curies":[{"name":"wp","href":"https:\/\/api.w.org\/{rel}","templated":true}]}}