{"id":106188,"date":"2022-03-05T23:59:09","date_gmt":"2022-03-06T02:59:09","guid":{"rendered":"http:\/\/vinasfm.com\/noticias\/?p=106188"},"modified":"2022-03-08T09:46:17","modified_gmt":"2022-03-08T12:46:17","slug":"pami-ampliara-su-plantilla-de-medicos-especialistas","status":"publish","type":"post","link":"https:\/\/vinasfm.com\/noticias\/pami-ampliara-su-plantilla-de-medicos-especialistas\/","title":{"rendered":"PAMI AMPLIAR\u00c1 SU PLANTILLA DE M\u00c9DICOS ESPECIALISTAS"},"content":{"rendered":"<h4><strong><span style=\"color: #000000;\">Con el fin de garantizar mayor rapidez en el acceso a turnos y una mejora sustancial en la calidad de la atenci\u00f3n a jubilados y pensionados, PAMI implementar\u00e1 un nuevo sistema que consiste en que cada afiliados podr\u00e1 elegir a su m\u00e9dico especialista. El titular del organismo en Alvear, Javier Fagetti, explic\u00f3 c\u00f3mo se aplicar\u00e1 la medida en nuestro departamento.<\/span><\/strong><\/h4>\n<div id=\"attachment_78142\" style=\"width: 300px\" class=\"wp-caption alignleft\"><a style=\"color: #000000;\" href=\"http:\/\/vinasfm.com\/noticias\/wp-content\/uploads\/2020\/10\/IMG_3354-e1646434858861.jpg\"><img loading=\"lazy\" decoding=\"async\" aria-describedby=\"caption-attachment-78142\" class=\"size-medium wp-image-78142\" src=\"http:\/\/vinasfm.com\/noticias\/wp-content\/uploads\/2020\/10\/IMG_3354-e1646434858861-300x224.jpg\" alt=\"\" width=\"300\" height=\"224\" srcset=\"https:\/\/vinasfm.com\/noticias\/wp-content\/uploads\/2020\/10\/IMG_3354-e1646434858861-300x224.jpg 300w, https:\/\/vinasfm.com\/noticias\/wp-content\/uploads\/2020\/10\/IMG_3354-e1646434858861.jpg 488w\" sizes=\"auto, (max-width: 300px) 100vw, 300px\" \/><\/a><p id=\"caption-attachment-78142\" class=\"wp-caption-text\"><span style=\"color: #000000;\">Dr. Javier Fagetti, Director de la Delegaci\u00f3n de PAMI en Alvear.<\/span><\/p><\/div>\n<p><span style=\"color: #000000;\">En di\u00e1logo con <strong>F.M. VI\u00d1AS<\/strong>, Fagetti se\u00f1al\u00f3 que el objetivo de la obra social es incorporar a diferentes especialistas para ampliar la plantilla de opciones: &#8216;<strong><em>La principal falencia que tenemos es la poca cantidad de<\/em><\/strong><strong><em> especialista por lo que se trabajar\u00e1 en conjunto con el m\u00e9dico de cabecera de cada afiliado para derivar al paciente al especialista que necesite<\/em><\/strong>&#8216;, y en la misma l\u00ednea subray\u00f3 que esta medida &#8216;<strong><em>permitir\u00e1 agilizar y mejorar el servicio<\/em><\/strong>&#8216;.<\/span><\/p>\n<p><span style=\"color: #000000;\">Para lograr la suma de m\u00e1s m\u00e9dicos especialistas, el titular de la agencia de PAMI en nuestro departamento explic\u00f3: &#8216;<strong><em>Estamos abriendo la convocatoria para que todo aquel profesional que desee sumarse se comunique con nosotros y firme un convenio con PAMI mediante el cual le permitir\u00e1 f<\/em><\/strong><strong><em>ormando parte del sistema, realizar derivaciones y facturar electr\u00f3nicamente por su prestaci\u00f3n realizada teniendo en cuenta que por cada servicio PAMI abona m\u00e1s que otras obras sociales<\/em><\/strong>&#8216;.<\/span><\/p>\n<p><span style=\"color: #000000;\">Cuando se logre ampliar el abanico de especialidades, <strong>se publicar\u00e1 la cartilla v\u00eda web<\/strong> o <strong>los afiliados podr\u00e1n consultar quienes son los profesionales que conforman la plantilla y solicitar su turno<\/strong>.<\/span><\/p>\n","protected":false},"excerpt":{"rendered":"<p>Con el fin de garantizar mayor rapidez en el acceso a turnos y una mejora sustancial en la calidad de la &#8230;<\/p>\n","protected":false},"author":7,"featured_media":50883,"comment_status":"open","ping_status":"open","sticky":false,"template":"","format":"standard","meta":{"footnotes":""},"categories":[5,64],"tags":[],"class_list":["post-106188","post","type-post","status-publish","format-standard","has-post-thumbnail","hentry","category-actualidad","category-pami"],"_links":{"self":[{"href":"https:\/\/vinasfm.com\/noticias\/wp-json\/wp\/v2\/posts\/106188","targetHints":{"allow":["GET"]}}],"collection":[{"href":"https:\/\/vinasfm.com\/noticias\/wp-json\/wp\/v2\/posts"}],"about":[{"href":"https:\/\/vinasfm.com\/noticias\/wp-json\/wp\/v2\/types\/post"}],"author":[{"embeddable":true,"href":"https:\/\/vinasfm.com\/noticias\/wp-json\/wp\/v2\/users\/7"}],"replies":[{"embeddable":true,"href":"https:\/\/vinasfm.com\/noticias\/wp-json\/wp\/v2\/comments?post=106188"}],"version-history":[{"count":10,"href":"https:\/\/vinasfm.com\/noticias\/wp-json\/wp\/v2\/posts\/106188\/revisions"}],"predecessor-version":[{"id":106245,"href":"https:\/\/vinasfm.com\/noticias\/wp-json\/wp\/v2\/posts\/106188\/revisions\/106245"}],"wp:featuredmedia":[{"embeddable":true,"href":"https:\/\/vinasfm.com\/noticias\/wp-json\/wp\/v2\/media\/50883"}],"wp:attachment":[{"href":"https:\/\/vinasfm.com\/noticias\/wp-json\/wp\/v2\/media?parent=106188"}],"wp:term":[{"taxonomy":"category","embeddable":true,"href":"https:\/\/vinasfm.com\/noticias\/wp-json\/wp\/v2\/categories?post=106188"},{"taxonomy":"post_tag","embeddable":true,"href":"https:\/\/vinasfm.com\/noticias\/wp-json\/wp\/v2\/tags?post=106188"}],"curies":[{"name":"wp","href":"https:\/\/api.w.org\/{rel}","templated":true}]}}